{"id":51316,"date":"2021-07-27T21:43:00","date_gmt":"2021-07-27T21:43:00","guid":{"rendered":"https:\/\/jorgezanoni.com.br\/2019\/?p=51316"},"modified":"2021-07-27T21:43:00","modified_gmt":"2021-07-27T21:43:00","slug":"garoto-de-12-anos-morador-de-dracena-foi-localizado","status":"publish","type":"post","link":"https:\/\/jorgezanoni.com.br\/2019\/garoto-de-12-anos-morador-de-dracena-foi-localizado\/","title":{"rendered":"Garoto de 12 anos morador de Dracena, FOI LOCALIZADO"},"content":{"rendered":"<p style=\"text-align: justify;\">O garoto\u00a0Luan Henrique Pereira da Silva de 12 anos, morador da Rua Padre Anchieta no Jardim Brasil\u00e2ndia, que estava desaparecido desde \u00e0s 11 Hs. de ontem (26), <strong>FOI LOCALIZADO\u00a0<\/strong>no in\u00edcio da tarde de hoje (27 e j\u00e1 est\u00e1 com a fam\u00edlia.<\/p>\n<p style=\"text-align: justify;\">A sua m\u00e3e, senhora Ana Paula agradece a todos que colaboraram nas buscas.<\/p>\n<p style=\"text-align: justify;\">Jorge Zanoni<\/p>\n<p>&nbsp;<\/p>\n","protected":false},"excerpt":{"rendered":"<p>O garoto\u00a0Luan Henrique Pereira da Silva de 12 anos, morador da Rua Padre Anchieta no Jardim Brasil\u00e2ndia, que estava desaparecido desde \u00e0s 11 Hs. de ontem (26), FOI LOCALIZADO\u00a0no in\u00edcio da tarde de hoje (27 e j\u00e1 est\u00e1 com a fam\u00edlia. A sua m\u00e3e, senhora Ana Paula agradece a todos que colaboraram nas buscas. Jorge [&hellip;]<\/p>\n","protected":false},"author":1,"featured_media":51309,"comment_status":"closed","ping_status":"open","sticky":false,"template":"","format":"standard","meta":{"footnotes":""},"categories":[110,2],"tags":[],"class_list":["post-51316","post","type-post","status-publish","format-standard","has-post-thumbnail","hentry","category-noticiasdestaque","category-policial"],"_links":{"self":[{"href":"https:\/\/jorgezanoni.com.br\/2019\/wp-json\/wp\/v2\/posts\/51316","targetHints":{"allow":["GET"]}}],"collection":[{"href":"https:\/\/jorgezanoni.com.br\/2019\/wp-json\/wp\/v2\/posts"}],"about":[{"href":"https:\/\/jorgezanoni.com.br\/2019\/wp-json\/wp\/v2\/types\/post"}],"author":[{"embeddable":true,"href":"https:\/\/jorgezanoni.com.br\/2019\/wp-json\/wp\/v2\/users\/1"}],"replies":[{"embeddable":true,"href":"https:\/\/jorgezanoni.com.br\/2019\/wp-json\/wp\/v2\/comments?post=51316"}],"version-history":[{"count":0,"href":"https:\/\/jorgezanoni.com.br\/2019\/wp-json\/wp\/v2\/posts\/51316\/revisions"}],"wp:featuredmedia":[{"embeddable":true,"href":"https:\/\/jorgezanoni.com.br\/2019\/wp-json\/wp\/v2\/media\/51309"}],"wp:attachment":[{"href":"https:\/\/jorgezanoni.com.br\/2019\/wp-json\/wp\/v2\/media?parent=51316"}],"wp:term":[{"taxonomy":"category","embeddable":true,"href":"https:\/\/jorgezanoni.com.br\/2019\/wp-json\/wp\/v2\/categories?post=51316"},{"taxonomy":"post_tag","embeddable":true,"href":"https:\/\/jorgezanoni.com.br\/2019\/wp-json\/wp\/v2\/tags?post=51316"}],"curies":[{"name":"wp","href":"https:\/\/api.w.org\/{rel}","templated":true}]}}