{"id":51307,"date":"2021-07-27T16:26:47","date_gmt":"2021-07-27T16:26:47","guid":{"rendered":"https:\/\/jorgezanoni.com.br\/2019\/?p=51307"},"modified":"2021-07-27T16:26:47","modified_gmt":"2021-07-27T16:26:47","slug":"garoto-de-12-anos-morador-de-dracena-esta-desaparecido","status":"publish","type":"post","link":"https:\/\/jorgezanoni.com.br\/2019\/garoto-de-12-anos-morador-de-dracena-esta-desaparecido\/","title":{"rendered":"Garoto de 12 anos morador de Dracena, est\u00e1 desaparecido"},"content":{"rendered":"<p style=\"text-align: justify;\">Luan Henrique Pereira da Silva de 12 anos, morador da Rua Padre Anchienta no Jardim Brasil\u00e2ncia est\u00e1 desaparecido desde as 11 Hs. de ontem (26).<\/p>\n<p style=\"text-align: justify;\">Qualquer informa\u00e7\u00e3o sobre seu paradeiro pode ser passada para a Pol\u00edcia Militar 190, Conselho Tutelar 3821-4148 ou sua m\u00e3e senhora Ana Paula 99778 8910.<\/p>\n<p style=\"text-align: justify;\">Jorge Zanoni<\/p>\n<p><img loading=\"lazy\" decoding=\"async\" class=\"alignnone size-full wp-image-51308\" src=\"https:\/\/jorgezanoni.com.br\/2019\/wp-content\/uploads\/2021\/07\/Garoto.jpg\" alt=\"\" width=\"712\" height=\"1266\" srcset=\"https:\/\/jorgezanoni.com.br\/2019\/wp-content\/uploads\/2021\/07\/Garoto.jpg 712w, https:\/\/jorgezanoni.com.br\/2019\/wp-content\/uploads\/2021\/07\/Garoto-169x300.jpg 169w, https:\/\/jorgezanoni.com.br\/2019\/wp-content\/uploads\/2021\/07\/Garoto-576x1024.jpg 576w, https:\/\/jorgezanoni.com.br\/2019\/wp-content\/uploads\/2021\/07\/Garoto-696x1238.jpg 696w, https:\/\/jorgezanoni.com.br\/2019\/wp-content\/uploads\/2021\/07\/Garoto-236x420.jpg 236w\" sizes=\"auto, (max-width: 712px) 100vw, 712px\" \/><\/p>\n<p>&nbsp;<\/p>\n","protected":false},"excerpt":{"rendered":"<p>Luan Henrique Pereira da Silva de 12 anos, morador da Rua Padre Anchienta no Jardim Brasil\u00e2ncia est\u00e1 desaparecido desde as 11 Hs. de ontem (26). Qualquer informa\u00e7\u00e3o sobre seu paradeiro pode ser passada para a Pol\u00edcia Militar 190, Conselho Tutelar 3821-4148 ou sua m\u00e3e senhora Ana Paula 99778 8910. Jorge Zanoni &nbsp;<\/p>\n","protected":false},"author":1,"featured_media":51309,"comment_status":"closed","ping_status":"open","sticky":false,"template":"","format":"standard","meta":{"footnotes":""},"categories":[110,2],"tags":[],"class_list":["post-51307","post","type-post","status-publish","format-standard","has-post-thumbnail","hentry","category-noticiasdestaque","category-policial"],"_links":{"self":[{"href":"https:\/\/jorgezanoni.com.br\/2019\/wp-json\/wp\/v2\/posts\/51307","targetHints":{"allow":["GET"]}}],"collection":[{"href":"https:\/\/jorgezanoni.com.br\/2019\/wp-json\/wp\/v2\/posts"}],"about":[{"href":"https:\/\/jorgezanoni.com.br\/2019\/wp-json\/wp\/v2\/types\/post"}],"author":[{"embeddable":true,"href":"https:\/\/jorgezanoni.com.br\/2019\/wp-json\/wp\/v2\/users\/1"}],"replies":[{"embeddable":true,"href":"https:\/\/jorgezanoni.com.br\/2019\/wp-json\/wp\/v2\/comments?post=51307"}],"version-history":[{"count":0,"href":"https:\/\/jorgezanoni.com.br\/2019\/wp-json\/wp\/v2\/posts\/51307\/revisions"}],"wp:featuredmedia":[{"embeddable":true,"href":"https:\/\/jorgezanoni.com.br\/2019\/wp-json\/wp\/v2\/media\/51309"}],"wp:attachment":[{"href":"https:\/\/jorgezanoni.com.br\/2019\/wp-json\/wp\/v2\/media?parent=51307"}],"wp:term":[{"taxonomy":"category","embeddable":true,"href":"https:\/\/jorgezanoni.com.br\/2019\/wp-json\/wp\/v2\/categories?post=51307"},{"taxonomy":"post_tag","embeddable":true,"href":"https:\/\/jorgezanoni.com.br\/2019\/wp-json\/wp\/v2\/tags?post=51307"}],"curies":[{"name":"wp","href":"https:\/\/api.w.org\/{rel}","templated":true}]}}