{"id":51304,"date":"2021-07-27T13:15:44","date_gmt":"2021-07-27T13:15:44","guid":{"rendered":"https:\/\/jorgezanoni.com.br\/2019\/?p=51304"},"modified":"2021-07-27T13:15:44","modified_gmt":"2021-07-27T13:15:44","slug":"analise-e-desenvolvimento-de-sistemas-da-unifadra-abrange-principais-competencias-em-alta-na-area-de-tecnologia-no-cenario-pos-pandemia","status":"publish","type":"post","link":"https:\/\/jorgezanoni.com.br\/2019\/analise-e-desenvolvimento-de-sistemas-da-unifadra-abrange-principais-competencias-em-alta-na-area-de-tecnologia-no-cenario-pos-pandemia\/","title":{"rendered":"An\u00e1lise e Desenvolvimento de Sistemas da Unifadra abrange principais compet\u00eancias em alta na \u00e1rea de tecnologia no cen\u00e1rio p\u00f3s-pandemia"},"content":{"rendered":"<p style=\"text-align: justify;\"><i><strong><span style=\"font-size: large;\">In\u00fameros segmentos buscam profissionais qualificados e as vagas de emprego continuam aumentando na \u00e1rea de tecnologia.<\/span><\/strong><\/i><\/p>\n<p><span style=\"font-size: large;\">Os m\u00e9dicos especializados e os cargos em tecnologia s\u00e3o as duas principais categorias de empregos em alta no mercado de trabalho brasileiro, segundo dados da edi\u00e7\u00e3o especial do relat\u00f3rio Empregos em Alta do LinkedIn 2021.<\/span><\/p>\n<p><span style=\"font-size: large;\">O documento aponta que &#8220;tecnologia \u00e9 uma das categorias de empregos que se mostrou \u00e0 prova da pandemia e manteve um crescimento constante em 2020, sendo 20% dos cargos abertos como fun\u00e7\u00f5es remotas; o maior n\u00famero de vagas remotas das 15 categorias de empregos em alta&#8221;.<\/span><\/p>\n<p><span style=\"font-size: large;\">Alessandro Fornari, coordenador do curso de Tecnologia em An\u00e1lise e Desenvolvimento de Sistemas (TADS) da Unifadra, tamb\u00e9m avalia que a \u00e1rea de tecnologia est\u00e1 atuando direta ou indiretamente para apoiar e desenvolver in\u00fameras outras \u00e1reas e, em especial, ficou em evid\u00eancia durante o per\u00edodo de pandemia com a ado\u00e7\u00e3o do home office (trabalho remoto) e a divulga\u00e7\u00e3o de v\u00e1rios levantamentos sobre seu crescimento.<\/span><\/p>\n<p><span style=\"font-size: large;\">&#8220;H\u00e1 bastante tempo, a tecnologia est\u00e1 entre os top 10 nos relat\u00f3rios sobre mercado de trabalho e emprego divulgados por v\u00e1rias institui\u00e7\u00f5es. A matriz curricular do curso de TADS da Unifadra vai acompanhando essas tend\u00eancias e se mant\u00e9m atualizada&#8221;, ressalta o Prof. Me. Fornari.<\/span><\/p>\n<p><span style=\"font-size: large;\">&#8220;Um exemplo \u00e9 que o curso de TADS da Unifadra abrange em sua matriz curricular 7 das 10 profiss\u00f5es em destaque apontadas na mat\u00e9ria da Brasil Escola*, como designer UX, analista de sistemas, desenvolvedor de software, gerente de marketing, especialista em experi\u00eancia de usu\u00e1rio (customer success), community manager e analista de big data&#8221;, acrescenta.<\/span><\/p>\n<p><span style=\"font-size: large;\">Al\u00e9m disso, o site InfoMoney coloca os profissionais de ciberseguran\u00e7a, customer experience (CX, que abrange user experience &#8211; UX) e os especialistas em nuvem (cloud) entre as dez profiss\u00f5es que devem ficar em alta p\u00f3s-pandemia.<\/span><\/p>\n<p><span style=\"font-size: large;\">&#8220;Estas s\u00e3o profiss\u00f5es que tamb\u00e9m s\u00e3o desenvolvidas durante os 3 anos do curso de TADS e, como est\u00e3o em alta, a procura pelo curso de Tecnologia em An\u00e1lise e Desenvolvimento de Sistemas da Unifadra est\u00e1 mais aquecida&#8221;, destaca o coordenador Alessandro Fornari.<\/span><\/p>\n<p><span style=\"font-size: large;\"><b>VESTIBULAR ENCERRA DIA 28\/07<\/b><\/span><\/p>\n<p><span style=\"font-size: large;\">At\u00e9 o dia 28 de julho, os cursos noturnos de An\u00e1lise e Desenvolvimento de Sistemas, Artes Visuais, Ci\u00eancias Biol\u00f3gicas, Educa\u00e7\u00e3o F\u00edsica, Enfermagem, Letras, Matem\u00e1tica, Pedagogia e Psicologia oferecem aos candidatos tr\u00eas formas de ingresso para escolher:<\/span><\/p>\n<ol style=\"text-align: justify;\">\n<li><span style=\"font-size: large;\">usar sua nota do ENEM de 2010 a 2019 (sem a necessidade de realizar uma prova).<\/span><\/li>\n<li><span style=\"font-size: large;\">fazer o vestibular agendado presencial (agendar sua prova no site da Fundec e prestar o vestibular individualmente na institui\u00e7\u00e3o, seguindo os protocolos sanit\u00e1rios).<\/span><\/li>\n<li><span style=\"font-size: large;\">realizar a prova on-line (em que os candidatos far\u00e3o uma reda\u00e7\u00e3o on-line, pelo site da Fundec, com data e hor\u00e1rio pr\u00e9-agendados).<\/span><\/li>\n<\/ol>\n<p style=\"text-align: justify;\"><span style=\"font-size: large;\">O vestibular dos cursos noturnos \u00e9 para reserva de vagas para in\u00edcio em 2022. O edital e as inscri\u00e7\u00f5es dos cursos noturnos est\u00e3o dispon\u00edveis no site\u00a0<a href=\"http:\/\/www.fundec.edu.br\/unifadra\/vestibular\" target=\"_blank\" rel=\"noopener noreferrer\">www.fundec.edu.br\/unifadra\/vestibular<\/a>\u00a0.<\/span><\/p>\n<p><span style=\"font-size: large;\">Informa\u00e7\u00f5es: Secretaria Geral (18) 3821-9000 ou pelo Whatsapp (18) 99634-0383 (atendimento das 8h \u00e0s 17h).<\/span><\/p>\n<p><span style=\"font-size: large;\">Saiba mais sobre o curso Tecnologia em An\u00e1lise e Desenvolvimento de Sistemas (TADS) em:\u00a0<a href=\"https:\/\/www.fundec.edu.br\/unifadra\/graduacao\/analise-desenvolvimento\" target=\"_blank\" rel=\"noopener noreferrer\">https:\/\/www.fundec.edu.br\/unifadra\/graduacao\/analise-desenvolvimento<\/a><\/p>\n<p>* Mat\u00e9ria dispon\u00edvel em:\u00a0<a href=\"https:\/\/vestibular.brasilescola.uol.com.br\/noticias\/10-profissoes-em-alta-depois-pandemia\/350465.html\" target=\"_blank\" rel=\"noopener noreferrer\">https:\/\/vestibular.brasilescola.uol.com.br\/noticias\/10-profissoes-em-alta-depois-pandemia\/350465.html<\/a><\/span><\/p>\n<p>Fonte: Departamento Comunica\u00e7\u00e3o Fundec<\/p>\n","protected":false},"excerpt":{"rendered":"<p>In\u00fameros segmentos buscam profissionais qualificados e as vagas de emprego continuam aumentando na \u00e1rea de tecnologia. Os m\u00e9dicos especializados e os cargos em tecnologia s\u00e3o as duas principais categorias de empregos em alta no mercado de trabalho brasileiro, segundo dados da edi\u00e7\u00e3o especial do relat\u00f3rio Empregos em Alta do LinkedIn 2021. O documento aponta que [&hellip;]<\/p>\n","protected":false},"author":1,"featured_media":51305,"comment_status":"closed","ping_status":"open","sticky":false,"template":"","format":"standard","meta":{"footnotes":""},"categories":[122],"tags":[],"class_list":["post-51304","post","type-post","status-publish","format-standard","has-post-thumbnail","hentry","category-saudeeducacaoeconcurso"],"_links":{"self":[{"href":"https:\/\/jorgezanoni.com.br\/2019\/wp-json\/wp\/v2\/posts\/51304","targetHints":{"allow":["GET"]}}],"collection":[{"href":"https:\/\/jorgezanoni.com.br\/2019\/wp-json\/wp\/v2\/posts"}],"about":[{"href":"https:\/\/jorgezanoni.com.br\/2019\/wp-json\/wp\/v2\/types\/post"}],"author":[{"embeddable":true,"href":"https:\/\/jorgezanoni.com.br\/2019\/wp-json\/wp\/v2\/users\/1"}],"replies":[{"embeddable":true,"href":"https:\/\/jorgezanoni.com.br\/2019\/wp-json\/wp\/v2\/comments?post=51304"}],"version-history":[{"count":0,"href":"https:\/\/jorgezanoni.com.br\/2019\/wp-json\/wp\/v2\/posts\/51304\/revisions"}],"wp:featuredmedia":[{"embeddable":true,"href":"https:\/\/jorgezanoni.com.br\/2019\/wp-json\/wp\/v2\/media\/51305"}],"wp:attachment":[{"href":"https:\/\/jorgezanoni.com.br\/2019\/wp-json\/wp\/v2\/media?parent=51304"}],"wp:term":[{"taxonomy":"category","embeddable":true,"href":"https:\/\/jorgezanoni.com.br\/2019\/wp-json\/wp\/v2\/categories?post=51304"},{"taxonomy":"post_tag","embeddable":true,"href":"https:\/\/jorgezanoni.com.br\/2019\/wp-json\/wp\/v2\/tags?post=51304"}],"curies":[{"name":"wp","href":"https:\/\/api.w.org\/{rel}","templated":true}]}}