{"id":51298,"date":"2021-07-27T12:45:54","date_gmt":"2021-07-27T12:45:54","guid":{"rendered":"https:\/\/jorgezanoni.com.br\/2019\/?p=51298"},"modified":"2021-07-27T12:45:54","modified_gmt":"2021-07-27T12:45:54","slug":"morre-morador-de-sagres-vitima-grave-do-acidente-na-vicinal-osvaldo-cruz-sagres-no-ultimo-sabado","status":"publish","type":"post","link":"https:\/\/jorgezanoni.com.br\/2019\/morre-morador-de-sagres-vitima-grave-do-acidente-na-vicinal-osvaldo-cruz-sagres-no-ultimo-sabado\/","title":{"rendered":"Morre morador de Sagres v\u00edtima grave do acidente na vicinal Osvaldo Cruz-Sagres no \u00faltimo s\u00e1bado"},"content":{"rendered":"<header class=\"entry-header\">\n<h1 class=\"entry-title\" style=\"text-align: justify;\"><strong><span style=\"font-family: Verdana, Geneva, sans-serif; font-size: 15px; color: #222222;\">Morreu na madrugada desta ter\u00e7a-feira ,27, na Santa Casa de Osvaldo Cruz, Reinaldo Jos\u00e9 dos Santos, 40 anos, v\u00edtima grave do acidente ocorrido no \u00faltimo s\u00e1bado, 24, na Vicinal Osvaldo Cruz-Sagres.<\/span><\/strong><\/h1>\n<\/header>\n<div class=\"entry-content clearfix\">\n<p style=\"text-align: justify;\">A v\u00edtima \u00e9 morador de Sagres, e no \u00faltimo s\u00e1bado 24, junto com mais tr\u00eas pessoas, se envolveram em um grave capotamento, ficando todos feridos.<\/p>\n<p style=\"text-align: justify;\">Reinaldo chegou a ser encaminhado para o Hospital das Cl\u00ednicas, na cidade de Mar\u00edlia no mesmo dia, retornando na madrugada do domingo para Osvaldo Cruz.<\/p>\n<p style=\"text-align: justify;\">As outras tr\u00eas pessoas foram consideradas v\u00edtimas leves e foram liberadas no mesmo dia.<\/p>\n<p style=\"text-align: justify;\">Fonte: CN News<\/p>\n<figure class=\"wp-block-gallery columns-1 is-cropped\">\n<ul class=\"blocks-gallery-grid\">\n<li class=\"blocks-gallery-item\">\n<figure style=\"text-align: justify;\"><img loading=\"lazy\" decoding=\"async\" class=\"wp-image-1406\" src=\"https:\/\/www.cnnews.net.br\/wp\/wp-content\/uploads\/2021\/07\/IMG-20210727-WA0048.jpg\" sizes=\"auto, (max-width: 900px) 100vw, 900px\" srcset=\"https:\/\/www.cnnews.net.br\/wp\/wp-content\/uploads\/2021\/07\/IMG-20210727-WA0048.jpg 900w, https:\/\/www.cnnews.net.br\/wp\/wp-content\/uploads\/2021\/07\/IMG-20210727-WA0048-300x210.jpg 300w, https:\/\/www.cnnews.net.br\/wp\/wp-content\/uploads\/2021\/07\/IMG-20210727-WA0048-768x538.jpg 768w, https:\/\/www.cnnews.net.br\/wp\/wp-content\/uploads\/2021\/07\/IMG-20210727-WA0048-130x90.jpg 130w\" alt=\"\" width=\"900\" height=\"630\" data-id=\"1406\" data-full-url=\"https:\/\/www.cnnews.net.br\/wp\/wp-content\/uploads\/2021\/07\/IMG-20210727-WA0048.jpg\" data-link=\"https:\/\/www.cnnews.net.br\/wp\/2021\/07\/27\/morre-morador-de-sagres-vitima-grave-do-acidente-na-vicinal-osvaldo-cruz-sagres-no-ultimo-sabado\/img-20210727-wa0048\/\" \/><\/figure>\n<\/li>\n<\/ul>\n<\/figure>\n<\/div>\n","protected":false},"excerpt":{"rendered":"<p>Morreu na madrugada desta ter\u00e7a-feira ,27, na Santa Casa de Osvaldo Cruz, Reinaldo Jos\u00e9 dos Santos, 40 anos, v\u00edtima grave do acidente ocorrido no \u00faltimo s\u00e1bado, 24, na Vicinal Osvaldo Cruz-Sagres. A v\u00edtima \u00e9 morador de Sagres, e no \u00faltimo s\u00e1bado 24, junto com mais tr\u00eas pessoas, se envolveram em um grave capotamento, ficando todos [&hellip;]<\/p>\n","protected":false},"author":1,"featured_media":51299,"comment_status":"closed","ping_status":"open","sticky":false,"template":"","format":"standard","meta":{"footnotes":""},"categories":[170,110],"tags":[],"class_list":["post-51298","post","type-post","status-publish","format-standard","has-post-thumbnail","hentry","category-acidentes","category-noticiasdestaque"],"_links":{"self":[{"href":"https:\/\/jorgezanoni.com.br\/2019\/wp-json\/wp\/v2\/posts\/51298","targetHints":{"allow":["GET"]}}],"collection":[{"href":"https:\/\/jorgezanoni.com.br\/2019\/wp-json\/wp\/v2\/posts"}],"about":[{"href":"https:\/\/jorgezanoni.com.br\/2019\/wp-json\/wp\/v2\/types\/post"}],"author":[{"embeddable":true,"href":"https:\/\/jorgezanoni.com.br\/2019\/wp-json\/wp\/v2\/users\/1"}],"replies":[{"embeddable":true,"href":"https:\/\/jorgezanoni.com.br\/2019\/wp-json\/wp\/v2\/comments?post=51298"}],"version-history":[{"count":0,"href":"https:\/\/jorgezanoni.com.br\/2019\/wp-json\/wp\/v2\/posts\/51298\/revisions"}],"wp:featuredmedia":[{"embeddable":true,"href":"https:\/\/jorgezanoni.com.br\/2019\/wp-json\/wp\/v2\/media\/51299"}],"wp:attachment":[{"href":"https:\/\/jorgezanoni.com.br\/2019\/wp-json\/wp\/v2\/media?parent=51298"}],"wp:term":[{"taxonomy":"category","embeddable":true,"href":"https:\/\/jorgezanoni.com.br\/2019\/wp-json\/wp\/v2\/categories?post=51298"},{"taxonomy":"post_tag","embeddable":true,"href":"https:\/\/jorgezanoni.com.br\/2019\/wp-json\/wp\/v2\/tags?post=51298"}],"curies":[{"name":"wp","href":"https:\/\/api.w.org\/{rel}","templated":true}]}}