{"id":51257,"date":"2021-07-26T20:53:46","date_gmt":"2021-07-26T20:53:46","guid":{"rendered":"https:\/\/jorgezanoni.com.br\/2019\/?p=51257"},"modified":"2021-07-26T20:59:41","modified_gmt":"2021-07-26T20:59:41","slug":"policia-militar-prende-homem-por-tentativa-de-furto-em-dracena","status":"publish","type":"post","link":"https:\/\/jorgezanoni.com.br\/2019\/policia-militar-prende-homem-por-tentativa-de-furto-em-dracena\/","title":{"rendered":"Pol\u00edcia Militar prende homem por tentativa de furto em Dracena"},"content":{"rendered":"<p style=\"text-align: justify;\">Na data de hoje (26) por volta das 11h20min a equipe da Pol\u00edcia Militar em patrulhamento pelo Jardim Brasil\u00e2ndia pela rua Mario Quintana abordou um indiv\u00edduo (21 anos) moreno, baixo, magro de camiseta cinza e bermuda colorida que tinha as caracter\u00edsticas do indiv\u00edduo que teria tentado furtar uma motocicleta pela rua Irradia\u00e7\u00e3o. O indiciado foi at\u00e9 a resid\u00eancia da propriet\u00e1ria da motocicleta (62 anos) e a vizinha da resid\u00eancia teria surpreendido o mesmo em cima da motocicleta sendo reconhecido de imediato. Foi dado voz de pris\u00e3o ao indiv\u00edduo por tentativa de furto ficando \u00e0 disposi\u00e7\u00e3o da Justi\u00e7a.<\/p>\n<p style=\"text-align: justify;\">Fonte: Com. Social Pol\u00edcia Militar<\/p>\n","protected":false},"excerpt":{"rendered":"<p>Na data de hoje (26) por volta das 11h20min a equipe da Pol\u00edcia Militar em patrulhamento pelo Jardim Brasil\u00e2ndia pela rua Mario Quintana abordou um indiv\u00edduo (21 anos) moreno, baixo, magro de camiseta cinza e bermuda colorida que tinha as caracter\u00edsticas do indiv\u00edduo que teria tentado furtar uma motocicleta pela rua Irradia\u00e7\u00e3o. O indiciado foi [&hellip;]<\/p>\n","protected":false},"author":1,"featured_media":51260,"comment_status":"closed","ping_status":"open","sticky":false,"template":"","format":"standard","meta":{"footnotes":""},"categories":[110,2],"tags":[],"class_list":["post-51257","post","type-post","status-publish","format-standard","has-post-thumbnail","hentry","category-noticiasdestaque","category-policial"],"_links":{"self":[{"href":"https:\/\/jorgezanoni.com.br\/2019\/wp-json\/wp\/v2\/posts\/51257","targetHints":{"allow":["GET"]}}],"collection":[{"href":"https:\/\/jorgezanoni.com.br\/2019\/wp-json\/wp\/v2\/posts"}],"about":[{"href":"https:\/\/jorgezanoni.com.br\/2019\/wp-json\/wp\/v2\/types\/post"}],"author":[{"embeddable":true,"href":"https:\/\/jorgezanoni.com.br\/2019\/wp-json\/wp\/v2\/users\/1"}],"replies":[{"embeddable":true,"href":"https:\/\/jorgezanoni.com.br\/2019\/wp-json\/wp\/v2\/comments?post=51257"}],"version-history":[{"count":0,"href":"https:\/\/jorgezanoni.com.br\/2019\/wp-json\/wp\/v2\/posts\/51257\/revisions"}],"wp:featuredmedia":[{"embeddable":true,"href":"https:\/\/jorgezanoni.com.br\/2019\/wp-json\/wp\/v2\/media\/51260"}],"wp:attachment":[{"href":"https:\/\/jorgezanoni.com.br\/2019\/wp-json\/wp\/v2\/media?parent=51257"}],"wp:term":[{"taxonomy":"category","embeddable":true,"href":"https:\/\/jorgezanoni.com.br\/2019\/wp-json\/wp\/v2\/categories?post=51257"},{"taxonomy":"post_tag","embeddable":true,"href":"https:\/\/jorgezanoni.com.br\/2019\/wp-json\/wp\/v2\/tags?post=51257"}],"curies":[{"name":"wp","href":"https:\/\/api.w.org\/{rel}","templated":true}]}}