{"id":51251,"date":"2021-07-26T17:01:22","date_gmt":"2021-07-26T17:01:22","guid":{"rendered":"https:\/\/jorgezanoni.com.br\/2019\/?p=51251"},"modified":"2021-07-26T17:01:22","modified_gmt":"2021-07-26T17:01:22","slug":"presidente-do-crea-sp-estara-em-dracena-amanha","status":"publish","type":"post","link":"https:\/\/jorgezanoni.com.br\/2019\/presidente-do-crea-sp-estara-em-dracena-amanha\/","title":{"rendered":"Presidente do CREA-SP. estar\u00e1 em Dracena amanh\u00e3"},"content":{"rendered":"<p style=\"text-align: justify;\">O engenheiro Vin\u00edcius Marchese Marinelli, presidente do CREA-SP, estar\u00e1 em Dracena\u00a0 amanh\u00e3 (27), \u00e0s 11 horas, na sede da entidade na Rua Miguel do Nascimento n\u00ba 1.016.<\/p>\n<p style=\"text-align: justify;\">Marchese vai conversar com associados, autoridades e imprensa. O presidente do CREA vem apoiando desde o in\u00edcio, o projeto de Dracena de contar com voos regulares para S\u00e3o Paulo, a partir do Aeroporto Muliterno, que agora participa de programa de concess\u00e3o pelo Estado.<\/p>\n<p style=\"text-align: justify;\">O Presidente do CREA-SP, Eng. Telecom. Vinicius Marchese Marinelli, estar\u00e1 em visita \u00e0s Inspetorias do CREA-SP desta regi\u00e3o para acompanhar os trabalhos da For\u00e7a Tarefa de Fiscaliza\u00e7\u00e3o que estar\u00e1 ocorrendo durante os dias 26 \u00e0 29 e julho, e aproveitando a oportunidade para ouvir as propostas dos profissionais em rela\u00e7\u00e3o ao Conselho.<\/p>\n<p style=\"text-align: justify;\">A Associa\u00e7\u00e3o dos Engenheiros, Arquitetos e Agr\u00f4nomos da Regi\u00e3o de Dracena tem como presidente, o Eng. Agr. Carlos Alberto Crociolli.<\/p>\n<p>Jorge Zanoni<\/p>\n<p>&nbsp;<\/p>\n","protected":false},"excerpt":{"rendered":"<p>O engenheiro Vin\u00edcius Marchese Marinelli, presidente do CREA-SP, estar\u00e1 em Dracena\u00a0 amanh\u00e3 (27), \u00e0s 11 horas, na sede da entidade na Rua Miguel do Nascimento n\u00ba 1.016. Marchese vai conversar com associados, autoridades e imprensa. O presidente do CREA vem apoiando desde o in\u00edcio, o projeto de Dracena de contar com voos regulares para S\u00e3o [&hellip;]<\/p>\n","protected":false},"author":1,"featured_media":51252,"comment_status":"closed","ping_status":"open","sticky":false,"template":"","format":"standard","meta":{"footnotes":""},"categories":[114,110],"tags":[],"class_list":["post-51251","post","type-post","status-publish","format-standard","has-post-thumbnail","hentry","category-geralecomercio","category-noticiasdestaque"],"_links":{"self":[{"href":"https:\/\/jorgezanoni.com.br\/2019\/wp-json\/wp\/v2\/posts\/51251","targetHints":{"allow":["GET"]}}],"collection":[{"href":"https:\/\/jorgezanoni.com.br\/2019\/wp-json\/wp\/v2\/posts"}],"about":[{"href":"https:\/\/jorgezanoni.com.br\/2019\/wp-json\/wp\/v2\/types\/post"}],"author":[{"embeddable":true,"href":"https:\/\/jorgezanoni.com.br\/2019\/wp-json\/wp\/v2\/users\/1"}],"replies":[{"embeddable":true,"href":"https:\/\/jorgezanoni.com.br\/2019\/wp-json\/wp\/v2\/comments?post=51251"}],"version-history":[{"count":0,"href":"https:\/\/jorgezanoni.com.br\/2019\/wp-json\/wp\/v2\/posts\/51251\/revisions"}],"wp:featuredmedia":[{"embeddable":true,"href":"https:\/\/jorgezanoni.com.br\/2019\/wp-json\/wp\/v2\/media\/51252"}],"wp:attachment":[{"href":"https:\/\/jorgezanoni.com.br\/2019\/wp-json\/wp\/v2\/media?parent=51251"}],"wp:term":[{"taxonomy":"category","embeddable":true,"href":"https:\/\/jorgezanoni.com.br\/2019\/wp-json\/wp\/v2\/categories?post=51251"},{"taxonomy":"post_tag","embeddable":true,"href":"https:\/\/jorgezanoni.com.br\/2019\/wp-json\/wp\/v2\/tags?post=51251"}],"curies":[{"name":"wp","href":"https:\/\/api.w.org\/{rel}","templated":true}]}}