{"id":51247,"date":"2021-07-26T16:34:38","date_gmt":"2021-07-26T16:34:38","guid":{"rendered":"https:\/\/jorgezanoni.com.br\/2019\/?p=51247"},"modified":"2021-07-26T16:34:38","modified_gmt":"2021-07-26T16:34:38","slug":"policiais-militares-da-1a-cia-sediada-em-dracena-participam-de-ocorrencia-destaque-mes-julho-no-25o-bpm-i","status":"publish","type":"post","link":"https:\/\/jorgezanoni.com.br\/2019\/policiais-militares-da-1a-cia-sediada-em-dracena-participam-de-ocorrencia-destaque-mes-julho-no-25o-bpm-i\/","title":{"rendered":"Policiais Militares da 1\u00aa Cia. sediada em Dracena, participam de ocorr\u00eancia destaque m\u00eas julho no 25\u00ba BPM\/I"},"content":{"rendered":"<p style=\"text-align: justify;\"><strong>POLICIAIS MILITARES DA 1\u00aa COMPANHIA SEDIADA EM DRACENA PARTICIPAM DA OCORR\u00caNCIA DESTAQUE DO M\u00caS DE JULHO DO 25\u00ba BPM\/I<\/strong><\/p>\n<p style=\"text-align: justify;\"><strong>S\u00cdNTESE DA OCORR\u00caNCIA NA CIDADE DE JUNQUEIR\u00d3POLIS<\/strong><br \/>\nNo dia 17JUL21, no munic\u00edpio de Junqueir\u00f3polis\/SP, participaram de ocorr\u00eancia de relev\u00e2ncia, ap\u00f3s tomarem ci\u00eancia via Copom sobre um roubo que acabara de ocorrer em um motel da cidade, onde 02 (dois) autores encapuzados, mediante for\u00e7a f\u00edsica roubaram a carteira da v\u00edtima, contendo cerca de R$ 5.000,00 em esp\u00e9cie. Feito contato com a v\u00edtima que relatou que tamb\u00e9m participaram do delito 02 (duas) mulheres e um terceiro autor que deu fuga aos autores em seu ve\u00edculo, de posse das informa\u00e7\u00f5es imediatamente iniciaram dilig\u00eancias com vistas e lograram \u00eaxito em localizar as duas autoras, sendo que uma delas confessou o envolvimento no delito, localizaram tamb\u00e9m o ve\u00edculo envolvido e seu condutor, bem como um dos autores, inclusive localizando em sua resid\u00eancia as vestes e cal\u00e7ado semelhantes aos utilizados durante o delito. Os quatro autores foram presos permanecendo \u00e0 disposi\u00e7\u00e3o da Justi\u00e7a. Os policiais militares em tela destacaram-se pelo profissionalismo, tiroc\u00ednio e comprometimento com a corpora\u00e7\u00e3o. A ocorr\u00eancia descrita teve destaque positivo junto \u00e0 comunidade e a imprensa local.<\/p>\n<p style=\"text-align: justify;\">#25BPMI<br \/>\n#POLICIAMILITARSP<br \/>\n#AFOR\u00c7AP\u00daBLICADES\u00c3OPAULO<\/p>\n","protected":false},"excerpt":{"rendered":"<p>POLICIAIS MILITARES DA 1\u00aa COMPANHIA SEDIADA EM DRACENA PARTICIPAM DA OCORR\u00caNCIA DESTAQUE DO M\u00caS DE JULHO DO 25\u00ba BPM\/I S\u00cdNTESE DA OCORR\u00caNCIA NA CIDADE DE JUNQUEIR\u00d3POLIS No dia 17JUL21, no munic\u00edpio de Junqueir\u00f3polis\/SP, participaram de ocorr\u00eancia de relev\u00e2ncia, ap\u00f3s tomarem ci\u00eancia via Copom sobre um roubo que acabara de ocorrer em um motel da cidade, [&hellip;]<\/p>\n","protected":false},"author":1,"featured_media":51248,"comment_status":"closed","ping_status":"open","sticky":false,"template":"","format":"standard","meta":{"footnotes":""},"categories":[110,2],"tags":[],"class_list":["post-51247","post","type-post","status-publish","format-standard","has-post-thumbnail","hentry","category-noticiasdestaque","category-policial"],"_links":{"self":[{"href":"https:\/\/jorgezanoni.com.br\/2019\/wp-json\/wp\/v2\/posts\/51247","targetHints":{"allow":["GET"]}}],"collection":[{"href":"https:\/\/jorgezanoni.com.br\/2019\/wp-json\/wp\/v2\/posts"}],"about":[{"href":"https:\/\/jorgezanoni.com.br\/2019\/wp-json\/wp\/v2\/types\/post"}],"author":[{"embeddable":true,"href":"https:\/\/jorgezanoni.com.br\/2019\/wp-json\/wp\/v2\/users\/1"}],"replies":[{"embeddable":true,"href":"https:\/\/jorgezanoni.com.br\/2019\/wp-json\/wp\/v2\/comments?post=51247"}],"version-history":[{"count":0,"href":"https:\/\/jorgezanoni.com.br\/2019\/wp-json\/wp\/v2\/posts\/51247\/revisions"}],"wp:featuredmedia":[{"embeddable":true,"href":"https:\/\/jorgezanoni.com.br\/2019\/wp-json\/wp\/v2\/media\/51248"}],"wp:attachment":[{"href":"https:\/\/jorgezanoni.com.br\/2019\/wp-json\/wp\/v2\/media?parent=51247"}],"wp:term":[{"taxonomy":"category","embeddable":true,"href":"https:\/\/jorgezanoni.com.br\/2019\/wp-json\/wp\/v2\/categories?post=51247"},{"taxonomy":"post_tag","embeddable":true,"href":"https:\/\/jorgezanoni.com.br\/2019\/wp-json\/wp\/v2\/tags?post=51247"}],"curies":[{"name":"wp","href":"https:\/\/api.w.org\/{rel}","templated":true}]}}