{"id":51242,"date":"2021-07-26T16:23:12","date_gmt":"2021-07-26T16:23:12","guid":{"rendered":"https:\/\/jorgezanoni.com.br\/2019\/?p=51242"},"modified":"2021-07-26T16:45:41","modified_gmt":"2021-07-26T16:45:41","slug":"local-de-captacao-de-agua-esta-perigoso-em-bairro-de-dracena","status":"publish","type":"post","link":"https:\/\/jorgezanoni.com.br\/2019\/local-de-captacao-de-agua-esta-perigoso-em-bairro-de-dracena\/","title":{"rendered":"Local de capta\u00e7\u00e3o de \u00e1gua est\u00e1 perigoso em Bairro de Dracena"},"content":{"rendered":"<p style=\"text-align: justify;\">Unidade coletora de \u00e1guas pluviais esr\u00e1 gerando perigo para pessoas e ve\u00edculos no Jardim It\u00e1lia III, na esquina das Ruas Adelino Rosseto com Vicentina Falvo Parra.<\/p>\n<p style=\"text-align: justify;\">A estrutura met\u00e1lica est\u00e1 totalmente torta e deformada, oferecendo riscos para quem passa pelo local.<\/p>\n<p style=\"text-align: justify;\">Moradores das imedica\u00e7\u00f5es pedem provid\u00eancias.<\/p>\n<p><img loading=\"lazy\" decoding=\"async\" class=\"alignnone size-full wp-image-51243\" src=\"https:\/\/jorgezanoni.com.br\/2019\/wp-content\/uploads\/2021\/07\/bairro-2.jpg\" alt=\"\" width=\"712\" height=\"565\" srcset=\"https:\/\/jorgezanoni.com.br\/2019\/wp-content\/uploads\/2021\/07\/bairro-2.jpg 712w, https:\/\/jorgezanoni.com.br\/2019\/wp-content\/uploads\/2021\/07\/bairro-2-300x238.jpg 300w, https:\/\/jorgezanoni.com.br\/2019\/wp-content\/uploads\/2021\/07\/bairro-2-696x552.jpg 696w, https:\/\/jorgezanoni.com.br\/2019\/wp-content\/uploads\/2021\/07\/bairro-2-529x420.jpg 529w\" sizes=\"auto, (max-width: 712px) 100vw, 712px\" \/> <img loading=\"lazy\" decoding=\"async\" class=\"alignnone size-full wp-image-51245\" src=\"https:\/\/jorgezanoni.com.br\/2019\/wp-content\/uploads\/2021\/07\/bairro2-2.jpg\" alt=\"\" width=\"720\" height=\"577\" srcset=\"https:\/\/jorgezanoni.com.br\/2019\/wp-content\/uploads\/2021\/07\/bairro2-2.jpg 720w, https:\/\/jorgezanoni.com.br\/2019\/wp-content\/uploads\/2021\/07\/bairro2-2-300x240.jpg 300w, https:\/\/jorgezanoni.com.br\/2019\/wp-content\/uploads\/2021\/07\/bairro2-2-696x558.jpg 696w, https:\/\/jorgezanoni.com.br\/2019\/wp-content\/uploads\/2021\/07\/bairro2-2-524x420.jpg 524w\" sizes=\"auto, (max-width: 720px) 100vw, 720px\" \/><\/p>\n<p style=\"text-align: justify;\">Jorge Zanoni<\/p>\n<p style=\"text-align: justify;\">Fotos de Internauta<\/p>\n","protected":false},"excerpt":{"rendered":"<p>Unidade coletora de \u00e1guas pluviais esr\u00e1 gerando perigo para pessoas e ve\u00edculos no Jardim It\u00e1lia III, na esquina das Ruas Adelino Rosseto com Vicentina Falvo Parra. A estrutura met\u00e1lica est\u00e1 totalmente torta e deformada, oferecendo riscos para quem passa pelo local. Moradores das imedica\u00e7\u00f5es pedem provid\u00eancias. Jorge Zanoni Fotos de Internauta<\/p>\n","protected":false},"author":1,"featured_media":51244,"comment_status":"closed","ping_status":"open","sticky":false,"template":"","format":"standard","meta":{"footnotes":""},"categories":[179,184,110],"tags":[],"class_list":["post-51242","post","type-post","status-publish","format-standard","has-post-thumbnail","hentry","category-cidadeseregiao","category-dracena","category-noticiasdestaque"],"_links":{"self":[{"href":"https:\/\/jorgezanoni.com.br\/2019\/wp-json\/wp\/v2\/posts\/51242","targetHints":{"allow":["GET"]}}],"collection":[{"href":"https:\/\/jorgezanoni.com.br\/2019\/wp-json\/wp\/v2\/posts"}],"about":[{"href":"https:\/\/jorgezanoni.com.br\/2019\/wp-json\/wp\/v2\/types\/post"}],"author":[{"embeddable":true,"href":"https:\/\/jorgezanoni.com.br\/2019\/wp-json\/wp\/v2\/users\/1"}],"replies":[{"embeddable":true,"href":"https:\/\/jorgezanoni.com.br\/2019\/wp-json\/wp\/v2\/comments?post=51242"}],"version-history":[{"count":0,"href":"https:\/\/jorgezanoni.com.br\/2019\/wp-json\/wp\/v2\/posts\/51242\/revisions"}],"wp:featuredmedia":[{"embeddable":true,"href":"https:\/\/jorgezanoni.com.br\/2019\/wp-json\/wp\/v2\/media\/51244"}],"wp:attachment":[{"href":"https:\/\/jorgezanoni.com.br\/2019\/wp-json\/wp\/v2\/media?parent=51242"}],"wp:term":[{"taxonomy":"category","embeddable":true,"href":"https:\/\/jorgezanoni.com.br\/2019\/wp-json\/wp\/v2\/categories?post=51242"},{"taxonomy":"post_tag","embeddable":true,"href":"https:\/\/jorgezanoni.com.br\/2019\/wp-json\/wp\/v2\/tags?post=51242"}],"curies":[{"name":"wp","href":"https:\/\/api.w.org\/{rel}","templated":true}]}}