{"id":5124,"date":"2019-09-03T01:41:00","date_gmt":"2019-09-03T01:41:00","guid":{"rendered":"https:\/\/jorgezanoni.com.br\/2019\/?p=5124"},"modified":"2019-09-03T01:41:00","modified_gmt":"2019-09-03T01:41:00","slug":"felipao-e-demitido-do-palmeiras","status":"publish","type":"post","link":"https:\/\/jorgezanoni.com.br\/2019\/felipao-e-demitido-do-palmeiras\/","title":{"rendered":"Felip\u00e3o \u00e9 demitido do Palmeiras"},"content":{"rendered":"<h2 class=\"content-head__subtitle\" style=\"text-align: justify;\"><strong>Reuni\u00e3o na Academia define a sa\u00edda de Luiz Felipe Scolari.<\/strong><\/h2>\n<div class=\"mc-column content-text active-extra-styles active-capital-letter\" data-block-type=\"unstyled\" data-block-weight=\"62\" data-block-id=\"2\">\n<p class=\"content-text__container theme-color-primary-first-letter\" style=\"text-align: justify;\" data-track-category=\"Link no Texto\" data-track-links=\"\">Felip\u00e3o n\u00e3o \u00e9 mais o t\u00e9cnico do\u00a0<a href=\"https:\/\/globoesporte.globo.com\/futebol\/times\/palmeiras\/\">Palmeiras<\/a>. No in\u00edcio da noite desta segunda-feira, a diretoria do clube se reuniu e optou pela demiss\u00e3o da atual comiss\u00e3o t\u00e9cnica, contratada em agosto do ano passado e que conquistou o Brasileir\u00e3o de 2018.\u00a0<a href=\"https:\/\/globoesporte.globo.com\/futebol\/times\/palmeiras\/noticia\/mano-menezes-e-o-favorito-para-substituir-felipao-no-palmeiras.ghtml\"><strong>Mano Menezes<\/strong><\/a>, que deixou o Cruzeiro em agosto, \u00e9 visto no clube como primeira op\u00e7\u00e3o para assumir o comando do Verd\u00e3o.<\/p>\n<\/div>\n<div class=\"wall protected-content\">\n<div class=\"mc-column content-text active-extra-styles \" style=\"text-align: justify;\" data-block-type=\"unstyled\" data-block-weight=\"23\" data-block-id=\"3\">\n<p class=\"content-text__container \" data-track-category=\"Link no Texto\" data-track-links=\"\">Luiz Felipe Scolari n\u00e3o participou do encontro com os dirigentes e recebeu a not\u00edcia de Alexandre Mattos, em sua casa em S\u00e3o Paulo.<\/p>\n<\/div>\n<div class=\"mc-column content-text active-extra-styles \" data-block-type=\"unstyled\" data-block-weight=\"10\" data-block-id=\"4\">\n<p class=\"content-text__container \" style=\"text-align: justify;\" data-track-category=\"Link no Texto\" data-track-links=\"\">+\u00a0<a href=\"https:\/\/globoesporte.globo.com\/futebol\/times\/palmeiras\/noticia\/mano-menezes-e-o-favorito-para-substituir-felipao-no-palmeiras.ghtml\"><strong>Mano Menezes \u00e9 o favorito para assumir o Palmeiras<\/strong><\/a><\/p>\n<div class=\"mc-column content-text active-extra-styles \" style=\"text-align: justify;\" data-block-type=\"unstyled\" data-block-weight=\"36\" data-block-id=\"6\">\n<p class=\"content-text__container \" data-track-category=\"Link no Texto\" data-track-links=\"\">A press\u00e3o nos bastidores do clube aumentou ap\u00f3s os resultados negativos recentes. Na ter\u00e7a-feira, o Verd\u00e3o foi eliminado pelo Gr\u00eamio na Libertadores. No domingo, o time palmeirense perdeu por 3 a 0 pelo Flamengo, pelo Brasileir\u00e3o.<\/p>\n<\/div>\n<div class=\"mc-column content-text active-extra-styles \" style=\"text-align: justify;\" data-block-type=\"unstyled\" data-block-weight=\"6\" data-block-id=\"7\">\n<p class=\"content-text__container \" data-track-category=\"Link no Texto\" data-track-links=\"\">+\u00a0<a href=\"https:\/\/globoesporte.globo.com\/futebol\/times\/palmeiras\/\">Leia mais not\u00edcias do Palmeiras<\/a><\/p>\n<\/div>\n<div class=\"mc-column content-text active-extra-styles \" style=\"text-align: justify;\" data-block-type=\"unstyled\" data-block-weight=\"45\" data-block-id=\"8\">\n<p class=\"content-text__container \" data-track-category=\"Link no Texto\" data-track-links=\"\">A derrota no Rio de Janeiro fez o Palmeiras aumentar para sete rodadas a sequ\u00eancia de jogos sem vit\u00f3ria no torneio nacional. L\u00edder antes da Copa Am\u00e9rica, os alviverdes ca\u00edram para a quinta coloca\u00e7\u00e3o. Deixam tamb\u00e9m o Verd\u00e3o os auxiliares Paulo Turra e Carlos Pracidelli.<\/p>\n<\/div>\n<div class=\"mc-column content-text active-extra-styles \" style=\"text-align: justify;\" data-block-type=\"unstyled\" data-block-weight=\"39\" data-block-id=\"9\">\n<p class=\"content-text__container \" data-track-category=\"Link no Texto\" data-track-links=\"\">Esta foi a terceira passagem de Felip\u00e3o pelo Palmeiras. Ele conquistou a Copa do Brasil de 1998 e 2012, a Copa Mercosul de 1998, a Libertadores de 1999, o Torneio Rio-S\u00e3o Paulo de 2000 e o Brasileiro de 2018.<\/p>\n<\/div>\n<div class=\"content-ads content-ads--reveal\" style=\"text-align: justify;\" data-block-type=\"ads\" data-block-id=\"10\"><\/div>\n<div class=\"mc-column content-text active-extra-styles \" style=\"text-align: justify;\" data-block-type=\"unstyled\" data-block-weight=\"35\" data-block-id=\"11\">\n<p class=\"content-text__container \" data-track-category=\"Link no Texto\" data-track-links=\"\">Em 2018 e 2019, Scolari comandou o Verd\u00e3o em 77 jogos, com 46 vit\u00f3rias, 21 empates e 10 derrotas. No total, s\u00e3o 485 jogos pelo clube palmeirense, com 238 vit\u00f3rias, 132 empates e 115 derrotas.<\/p>\n<\/div>\n<div class=\"mc-column content-text active-extra-styles \" style=\"text-align: justify;\" data-block-type=\"unstyled\" data-block-weight=\"16\" data-block-id=\"12\">\n<p class=\"content-text__container \" data-track-category=\"Link no Texto\" data-track-links=\"\">+\u00a0<a href=\"https:\/\/globoesporte.globo.com\/futebol\/times\/palmeiras\/noticia\/idolo-do-palmeiras-marcos-cita-gratidao-a-felipao-e-diz-dna-do-clube-vai-ficando-no-passado.ghtml\"><strong>Marcos cita gratid\u00e3o a Felip\u00e3o e diz que DNA do clube &#8220;vai ficando no passado&#8221;<\/strong><\/a><\/p>\n<\/div>\n<div class=\"mc-column content-text active-extra-styles \" style=\"text-align: justify;\" data-block-type=\"unstyled\" data-block-weight=\"5\" data-block-id=\"13\">\n<p class=\"content-text__container \" data-track-category=\"Link no Texto\" data-track-links=\"\"><strong>Confira nota oficial do Palmeiras:<\/strong><\/p>\n<\/div>\n<div class=\"mc-column content-text active-extra-styles \" style=\"text-align: justify;\" data-block-type=\"unstyled\" data-block-weight=\"23\" data-block-id=\"14\">\n<p class=\"content-text__container \" data-track-category=\"Link no Texto\" data-track-links=\"\"><em>A Sociedade Esportiva Palmeiras decidiu, no in\u00edcio da noite desta segunda-feira (2), encerrar o v\u00ednculo de trabalho com o treinador Luiz Felipe Scolari.<\/em><\/p>\n<\/div>\n<div class=\"mc-column content-text active-extra-styles \" style=\"text-align: justify;\" data-block-type=\"unstyled\" data-block-weight=\"13\" data-block-id=\"15\">\n<p class=\"content-text__container \" data-track-category=\"Link no Texto\" data-track-links=\"\"><em>Juntamente com ele, deixam os cargos os auxiliares Paulo Turra e Carlos Pracidelli.<\/em><\/p>\n<\/div>\n<div class=\"mc-column content-text active-extra-styles \" style=\"text-align: justify;\" data-block-type=\"unstyled\" data-block-weight=\"40\" data-block-id=\"16\">\n<p class=\"content-text__container \" data-track-category=\"Link no Texto\" data-track-links=\"\"><em>O clube reafirma seu respeito e admira\u00e7\u00e3o por toda a hist\u00f3ria do t\u00e9cnico Felip\u00e3o no Palmeiras. Em rela\u00e7\u00e3o a esta recente passagem, o Alviverde agradece por todo o trabalho e dedica\u00e7\u00e3o, que resultaram na conquista do Campeonato Brasileiro de 2018.<\/em><\/p>\n<\/div>\n<div style=\"text-align: justify;\" data-track-category=\"multicontent\" data-track-action=\"ultimo chunk conteudo\" data-track-noninteraction=\"false\" data-track-scroll=\"view\">\n<div class=\"mc-column content-text active-extra-styles \" data-block-type=\"unstyled\" data-block-weight=\"11\" data-block-id=\"17\">\n<p class=\"content-text__container \" data-track-category=\"Link no Texto\" data-track-links=\"\">+\u00a0<a href=\"https:\/\/interativos.globoesporte.globo.com\/futebol\/especial\/rotatividade-dos-tecnicos\" target=\"_blank\" rel=\"noopener noreferrer\">Veja especial do GloboEsporte.com sobre rotatividade dos t\u00e9cnicos no Brasil<\/a><\/p>\n<p data-track-category=\"Link no Texto\" data-track-links=\"\">Fonte: https:\/\/globoesporte.globo.com\/futebol\/times\/palmeiras\/noticia\/felipao-e-demitido-do-palmeiras.ghtml<\/p>\n<\/div>\n<\/div>\n<p style=\"text-align: justify;\" data-track-category=\"Link no Texto\" data-track-links=\"\">\n<\/div>\n<\/div>\n","protected":false},"excerpt":{"rendered":"<p>Reuni\u00e3o na Academia define a sa\u00edda de Luiz Felipe Scolari. Felip\u00e3o n\u00e3o \u00e9 mais o t\u00e9cnico do\u00a0Palmeiras. No in\u00edcio da noite desta segunda-feira, a diretoria do clube se reuniu e optou pela demiss\u00e3o da atual comiss\u00e3o t\u00e9cnica, contratada em agosto do ano passado e que conquistou o Brasileir\u00e3o de 2018.\u00a0Mano Menezes, que deixou o Cruzeiro [&hellip;]<\/p>\n","protected":false},"author":1,"featured_media":5125,"comment_status":"closed","ping_status":"open","sticky":false,"template":"","format":"standard","meta":{"footnotes":""},"categories":[111,110],"tags":[],"class_list":["post-5124","post","type-post","status-publish","format-standard","has-post-thumbnail","hentry","category-esporteecultura","category-noticiasdestaque"],"_links":{"self":[{"href":"https:\/\/jorgezanoni.com.br\/2019\/wp-json\/wp\/v2\/posts\/5124","targetHints":{"allow":["GET"]}}],"collection":[{"href":"https:\/\/jorgezanoni.com.br\/2019\/wp-json\/wp\/v2\/posts"}],"about":[{"href":"https:\/\/jorgezanoni.com.br\/2019\/wp-json\/wp\/v2\/types\/post"}],"author":[{"embeddable":true,"href":"https:\/\/jorgezanoni.com.br\/2019\/wp-json\/wp\/v2\/users\/1"}],"replies":[{"embeddable":true,"href":"https:\/\/jorgezanoni.com.br\/2019\/wp-json\/wp\/v2\/comments?post=5124"}],"version-history":[{"count":0,"href":"https:\/\/jorgezanoni.com.br\/2019\/wp-json\/wp\/v2\/posts\/5124\/revisions"}],"wp:featuredmedia":[{"embeddable":true,"href":"https:\/\/jorgezanoni.com.br\/2019\/wp-json\/wp\/v2\/media\/5125"}],"wp:attachment":[{"href":"https:\/\/jorgezanoni.com.br\/2019\/wp-json\/wp\/v2\/media?parent=5124"}],"wp:term":[{"taxonomy":"category","embeddable":true,"href":"https:\/\/jorgezanoni.com.br\/2019\/wp-json\/wp\/v2\/categories?post=5124"},{"taxonomy":"post_tag","embeddable":true,"href":"https:\/\/jorgezanoni.com.br\/2019\/wp-json\/wp\/v2\/tags?post=5124"}],"curies":[{"name":"wp","href":"https:\/\/api.w.org\/{rel}","templated":true}]}}