{"id":51239,"date":"2021-07-26T12:43:13","date_gmt":"2021-07-26T12:43:13","guid":{"rendered":"https:\/\/jorgezanoni.com.br\/2019\/?p=51239"},"modified":"2021-07-26T12:43:13","modified_gmt":"2021-07-26T12:43:13","slug":"hoje-26-de-julho-e-comemorado-o-dia-dos-avos","status":"publish","type":"post","link":"https:\/\/jorgezanoni.com.br\/2019\/hoje-26-de-julho-e-comemorado-o-dia-dos-avos\/","title":{"rendered":"Hoje 26 de julho, \u00e9 comemorado o &#8220;Dia dos Av\u00f3s&#8221;"},"content":{"rendered":"<p style=\"text-align: justify;\">O Dia dos Av\u00f3s \u00e9 comemorado anualmente em 26 de julho, Dia de S\u00e3o Joaquim e Santa Ana, os av\u00f3s de Jesus.<\/p>\n<p style=\"text-align: justify;\">Popularmente conhecido como Dia da Av\u00f3 ou Dia da Vov\u00f3, no Brasil, a data surgiu em Portugal, e tem como objetivo homenagear e agradecer toda a considera\u00e7\u00e3o e carinho dos av\u00f3s com os seus netos.<\/p>\n<h2 style=\"text-align: justify;\">Voc\u00ea sabe como surgiu a data para homenagear os av\u00f3s?<\/h2>\n<p style=\"text-align: justify;\">O Dia Mundial dos Av\u00f3s \u00e9 celebrado em 26 de julho em homenagem \u00e0 Santa Ana e S\u00e3o Joaquim. A data recorda a canoniza\u00e7\u00e3o de ambos os santos em 1584 pelo Papa Greg\u00f3rio VII<\/p>\n<p style=\"text-align: justify;\">S\u00e3o Joaquim e Santa Ana eram os pais da Virgem Maria e, portanto, av\u00f3s de Jesus Cristo, que por esse motivo s\u00e3o considerados pela Igreja Cat\u00f3lica os padroeiros de todos os av\u00f3s.<\/p>\n<p style=\"text-align: justify;\">Mas antes da Dona Aninhas, o dia 26 de julho era uma data dedicada apenas aos santos, sem destacar a homenagem aos av\u00f3s.<\/p>\n<p style=\"text-align: justify;\">Dona Aninhas, cujo nome era Ana Elisa Couto (1926-2007), foi uma senhora portuguesa que tinha 6 netos e que durante quase 20 anos reivindicou a institui\u00e7\u00e3o de uma data comemorativa para os av\u00f3s. Em Portugal, a data foi institu\u00edda pela Assembleia da Rep\u00fablica em 2003.<\/p>\n<h2 style=\"text-align: justify;\">Ideias que v\u00e3o deixar os seus av\u00f3s super felizes nesse dia<\/h2>\n<p style=\"text-align: justify;\">Voc\u00ea pode surpreender os seus av\u00f3s (av\u00f3 ou av\u00f4) com diversas atividades divertidas para comemorar esta data. Por exemplo:<\/p>\n<ul>\n<li style=\"text-align: justify;\">Preparar um almo\u00e7o especial;<\/li>\n<li style=\"text-align: justify;\">Fazer piquenique no parque, praia ou na serra;<\/li>\n<li style=\"text-align: justify;\">Fazer uma reuni\u00e3o de fam\u00edlia e homenagear os av\u00f3s;<\/li>\n<li style=\"text-align: justify;\">Passar o dia ouvindo as hist\u00f3rias da vov\u00f3 ou do vov\u00f4;<\/li>\n<li style=\"text-align: justify;\">Cozinhar com os av\u00f3s;<\/li>\n<li style=\"text-align: justify;\">Pescar com o vov\u00f4;<\/li>\n<li style=\"text-align: justify;\">Relembrar momentos felizes com os av\u00f3s olhando um \u00e1lbum de fam\u00edlia;<\/li>\n<li style=\"text-align: justify;\">Escrever uma poesia ou mensagem especial para os av\u00f3s;<\/li>\n<li style=\"text-align: justify;\">O mais importante: estar presente com seus av\u00f3s e fazer algo que seja divertido para ambos.<\/li>\n<\/ul>\n<p>Fonte: https:\/\/www.calendarr.com\/brasil\/dia-dos-avos\/<\/p>\n","protected":false},"excerpt":{"rendered":"<p>O Dia dos Av\u00f3s \u00e9 comemorado anualmente em 26 de julho, Dia de S\u00e3o Joaquim e Santa Ana, os av\u00f3s de Jesus. Popularmente conhecido como Dia da Av\u00f3 ou Dia da Vov\u00f3, no Brasil, a data surgiu em Portugal, e tem como objetivo homenagear e agradecer toda a considera\u00e7\u00e3o e carinho dos av\u00f3s com os [&hellip;]<\/p>\n","protected":false},"author":1,"featured_media":51240,"comment_status":"closed","ping_status":"open","sticky":false,"template":"","format":"standard","meta":{"footnotes":""},"categories":[114,110],"tags":[],"class_list":["post-51239","post","type-post","status-publish","format-standard","has-post-thumbnail","hentry","category-geralecomercio","category-noticiasdestaque"],"_links":{"self":[{"href":"https:\/\/jorgezanoni.com.br\/2019\/wp-json\/wp\/v2\/posts\/51239","targetHints":{"allow":["GET"]}}],"collection":[{"href":"https:\/\/jorgezanoni.com.br\/2019\/wp-json\/wp\/v2\/posts"}],"about":[{"href":"https:\/\/jorgezanoni.com.br\/2019\/wp-json\/wp\/v2\/types\/post"}],"author":[{"embeddable":true,"href":"https:\/\/jorgezanoni.com.br\/2019\/wp-json\/wp\/v2\/users\/1"}],"replies":[{"embeddable":true,"href":"https:\/\/jorgezanoni.com.br\/2019\/wp-json\/wp\/v2\/comments?post=51239"}],"version-history":[{"count":0,"href":"https:\/\/jorgezanoni.com.br\/2019\/wp-json\/wp\/v2\/posts\/51239\/revisions"}],"wp:featuredmedia":[{"embeddable":true,"href":"https:\/\/jorgezanoni.com.br\/2019\/wp-json\/wp\/v2\/media\/51240"}],"wp:attachment":[{"href":"https:\/\/jorgezanoni.com.br\/2019\/wp-json\/wp\/v2\/media?parent=51239"}],"wp:term":[{"taxonomy":"category","embeddable":true,"href":"https:\/\/jorgezanoni.com.br\/2019\/wp-json\/wp\/v2\/categories?post=51239"},{"taxonomy":"post_tag","embeddable":true,"href":"https:\/\/jorgezanoni.com.br\/2019\/wp-json\/wp\/v2\/tags?post=51239"}],"curies":[{"name":"wp","href":"https:\/\/api.w.org\/{rel}","templated":true}]}}