{"id":51211,"date":"2021-07-25T21:27:49","date_gmt":"2021-07-25T21:27:49","guid":{"rendered":"https:\/\/jorgezanoni.com.br\/2019\/?p=51211"},"modified":"2021-07-25T21:31:50","modified_gmt":"2021-07-25T21:31:50","slug":"morre-dulcineia-forti-colleta-viuva-do-fiori-que-faleceu-a-poucos-dias","status":"publish","type":"post","link":"https:\/\/jorgezanoni.com.br\/2019\/morre-dulcineia-forti-colleta-viuva-do-fiori-que-faleceu-a-poucos-dias\/","title":{"rendered":"Morre Dulcin\u00e9ia Forti Colleta, vi\u00fava do Fiori que faleceu a poucos dias"},"content":{"rendered":"<h3 style=\"text-align: justify;\">Comunicamos com pesar o falecimento de Dulcin\u00e9ia da Silva Forti Coletta (N\u00e9ia), de 60 anos. Ela estava internada com complica\u00e7\u00f5es de COVID e n\u00e3o resistiu, vindo a \u00f3bito.<\/h3>\n<h3 style=\"text-align: justify;\">Era vi\u00fava de Fioravante Colleta (Fiori) que faleceu neste m\u00eas de junho, no \u00faltimo dia 13 com o mesmo problema.<\/h3>\n<h3 style=\"text-align: justify;\">Dulcin\u00e9ia. Deixa filhas, genros e netos. Atuou na Avapac e Pousada Bom Samaritano como volunt\u00e1ria e tamb\u00e9m na Par\u00f3quia Nossa Senhora Aparecida.<\/h3>\n<h3 style=\"text-align: justify;\">A despedida acontece amanh\u00e3 (26), \u00e0s 08;30 Horas, no Cemit\u00e9rio Municipal de Dracena.<\/h3>\n<h3 style=\"text-align: justify;\">O Site JZ se solidariza com a fam\u00edlia e amigos neste dif\u00edcil momento.<\/h3>\n<h3 style=\"text-align: justify;\">Jorge Zanoni<\/h3>\n<p><img loading=\"lazy\" decoding=\"async\" class=\"alignnone size-full wp-image-51214\" src=\"https:\/\/jorgezanoni.com.br\/2019\/wp-content\/uploads\/2021\/07\/Neia.jpg\" alt=\"\" width=\"640\" height=\"452\" srcset=\"https:\/\/jorgezanoni.com.br\/2019\/wp-content\/uploads\/2021\/07\/Neia.jpg 640w, https:\/\/jorgezanoni.com.br\/2019\/wp-content\/uploads\/2021\/07\/Neia-300x212.jpg 300w, https:\/\/jorgezanoni.com.br\/2019\/wp-content\/uploads\/2021\/07\/Neia-100x70.jpg 100w, https:\/\/jorgezanoni.com.br\/2019\/wp-content\/uploads\/2021\/07\/Neia-595x420.jpg 595w\" sizes=\"auto, (max-width: 640px) 100vw, 640px\" \/><\/p>\n<div id=\"post-body-6234900111940156698\" class=\"post-body entry-content\">\n<p><img loading=\"lazy\" decoding=\"async\" class=\"alignnone size-full wp-image-51212\" src=\"https:\/\/jorgezanoni.com.br\/2019\/wp-content\/uploads\/2021\/07\/Dulcineua.jpg\" alt=\"\" width=\"540\" height=\"540\" srcset=\"https:\/\/jorgezanoni.com.br\/2019\/wp-content\/uploads\/2021\/07\/Dulcineua.jpg 540w, https:\/\/jorgezanoni.com.br\/2019\/wp-content\/uploads\/2021\/07\/Dulcineua-300x300.jpg 300w, https:\/\/jorgezanoni.com.br\/2019\/wp-content\/uploads\/2021\/07\/Dulcineua-150x150.jpg 150w, https:\/\/jorgezanoni.com.br\/2019\/wp-content\/uploads\/2021\/07\/Dulcineua-420x420.jpg 420w\" sizes=\"auto, (max-width: 540px) 100vw, 540px\" \/><\/p>\n<\/div>\n","protected":false},"excerpt":{"rendered":"<p>Comunicamos com pesar o falecimento de Dulcin\u00e9ia da Silva Forti Coletta (N\u00e9ia), de 60 anos. Ela estava internada com complica\u00e7\u00f5es de COVID e n\u00e3o resistiu, vindo a \u00f3bito. Era vi\u00fava de Fioravante Colleta (Fiori) que faleceu neste m\u00eas de junho, no \u00faltimo dia 13 com o mesmo problema. Dulcin\u00e9ia. Deixa filhas, genros e netos. Atuou [&hellip;]<\/p>\n","protected":false},"author":1,"featured_media":51216,"comment_status":"closed","ping_status":"open","sticky":false,"template":"","format":"standard","meta":{"footnotes":""},"categories":[178,110],"tags":[],"class_list":["post-51211","post","type-post","status-publish","format-standard","has-post-thumbnail","hentry","category-notadefalecimento","category-noticiasdestaque"],"_links":{"self":[{"href":"https:\/\/jorgezanoni.com.br\/2019\/wp-json\/wp\/v2\/posts\/51211","targetHints":{"allow":["GET"]}}],"collection":[{"href":"https:\/\/jorgezanoni.com.br\/2019\/wp-json\/wp\/v2\/posts"}],"about":[{"href":"https:\/\/jorgezanoni.com.br\/2019\/wp-json\/wp\/v2\/types\/post"}],"author":[{"embeddable":true,"href":"https:\/\/jorgezanoni.com.br\/2019\/wp-json\/wp\/v2\/users\/1"}],"replies":[{"embeddable":true,"href":"https:\/\/jorgezanoni.com.br\/2019\/wp-json\/wp\/v2\/comments?post=51211"}],"version-history":[{"count":0,"href":"https:\/\/jorgezanoni.com.br\/2019\/wp-json\/wp\/v2\/posts\/51211\/revisions"}],"wp:featuredmedia":[{"embeddable":true,"href":"https:\/\/jorgezanoni.com.br\/2019\/wp-json\/wp\/v2\/media\/51216"}],"wp:attachment":[{"href":"https:\/\/jorgezanoni.com.br\/2019\/wp-json\/wp\/v2\/media?parent=51211"}],"wp:term":[{"taxonomy":"category","embeddable":true,"href":"https:\/\/jorgezanoni.com.br\/2019\/wp-json\/wp\/v2\/categories?post=51211"},{"taxonomy":"post_tag","embeddable":true,"href":"https:\/\/jorgezanoni.com.br\/2019\/wp-json\/wp\/v2\/tags?post=51211"}],"curies":[{"name":"wp","href":"https:\/\/api.w.org\/{rel}","templated":true}]}}