{"id":51172,"date":"2021-07-24T16:26:59","date_gmt":"2021-07-24T16:26:59","guid":{"rendered":"https:\/\/jorgezanoni.com.br\/2019\/?p=51172"},"modified":"2021-07-24T16:26:59","modified_gmt":"2021-07-24T16:26:59","slug":"santa-casa-de-dracena-esclarece-sobre-a-descontinuidade-de-leitos-da-enfermaria-covid-19","status":"publish","type":"post","link":"https:\/\/jorgezanoni.com.br\/2019\/santa-casa-de-dracena-esclarece-sobre-a-descontinuidade-de-leitos-da-enfermaria-covid-19\/","title":{"rendered":"Santa Casa de Dracena esclarece sobre a descontinuidade de Leitos da Enfermaria COVID-19"},"content":{"rendered":"<div class=\"kvgmc6g5 cxmmr5t8 oygrvhab hcukyx3x c1et5uql ii04i59q\">\n<div dir=\"auto\" style=\"text-align: justify;\">COMUNICADO RELEVANTE<\/div>\n<div dir=\"auto\" style=\"text-align: justify;\">LEITOS DE ENFERMARIA COVID-19 \u2013 DESCONTINUIDADE<\/div>\n<div dir=\"auto\" style=\"text-align: justify;\">Of\u00edcio n\u00ba. 142\/2021-SSHP, 20\/07\/2021<\/div>\n<\/div>\n<div class=\"o9v6fnle cxmmr5t8 oygrvhab hcukyx3x c1et5uql ii04i59q\" style=\"text-align: justify;\">\n<div dir=\"auto\">A SANTA CASA DE DRACENA, teve comunicado pela SECRETARIA MUNICIPAL DE SA\u00daDE E HIGIENE P\u00daBLICA DE DRACENA, atrav\u00e9s do Of\u00edcio n\u00ba. 142\/2021-SSHP, de 20 de julho de 2021, com os seguintes dizeres: \u201c&#8230; que com a falta de repasse de recursos financeiros do Governo Estadual e Federal para estrutura\u00e7\u00e3o e manuten\u00e7\u00e3o de leitos de enfermaria COVID 19, &#8230; informar que n\u00e3o h\u00e1 interesse desta Secretaria em manter os 20 (vinte) leitos contratados, &#8230; que destes 20 (vinte) manteremos apenas 10 (dez) leitos de enfermaria COVID 19 para pacientes mun\u00edcipes de Dracena &#8230;\u201d (aa) Claudia Mara Mesalira Moreira Gagliani Luginick \u2013 Secret\u00e1ria Municipal de Sa\u00fade e Higiene P\u00fablica de Dracena.<\/div>\n<\/div>\n<div class=\"o9v6fnle cxmmr5t8 oygrvhab hcukyx3x c1et5uql ii04i59q\" style=\"text-align: justify;\">\n<div dir=\"auto\">OF\u00cdCIO RECEBIDO EM 22\/07\/2021 \u2013 11h19min.<\/div>\n<\/div>\n<div class=\"o9v6fnle cxmmr5t8 oygrvhab hcukyx3x c1et5uql ii04i59q\" style=\"text-align: justify;\">\n<div dir=\"auto\">Esclarecendo que a Santa Casa de Dracena manteve ativos 20 (vinte) leitos de enfermaria COVID 19, com recursos advindos do Tesouro do Munic\u00edpio de Dracena e do Governo do Estado de S\u00e3o Paulo, mediante conv\u00eanio com o Gestor Pleno \u2013 Secretaria Municipal de Sa\u00fade e Higiene P\u00fablica de Dracena. E, o Munic\u00edpio manter\u00e1 sob sua responsabilidade financeira a contrata\u00e7\u00e3o de 10 (dez) leitos de enfermaria COVID 19 para a demanda restrita aos seus mun\u00edcipes.<\/div>\n<\/div>\n<div class=\"o9v6fnle cxmmr5t8 oygrvhab hcukyx3x c1et5uql ii04i59q\" style=\"text-align: justify;\">\n<div dir=\"auto\">Portanto, de conformidade com o ADITIVO de conv\u00eanio e os termos do of\u00edcio referenciado, a Santa Casa de Dracena, manter\u00e1 a Enfermaria COVID-19 exclusivamente para a demanda dos pacientes do Munic\u00edpio de Dracena pelo sistema de atendimento p\u00fablico.<\/div>\n<\/div>\n<div class=\"o9v6fnle cxmmr5t8 oygrvhab hcukyx3x c1et5uql ii04i59q\">\n<div dir=\"auto\" style=\"text-align: justify;\">A SANTA CASA DE DRACENA n\u00e3o tem o prop\u00f3sito de manifestar qualquer ju\u00edzo de valor referentemente ao of\u00edcio referenciado, colocando-se \u00e0 disposi\u00e7\u00e3o da popula\u00e7\u00e3o como PATRIM\u00d4NIO DA COMUNIDADE, seguindo os crit\u00e9rios definidos pela Lei n\u00ba. 8080\/90, artigo 24, \u00a7 2\u00ba.: Os servi\u00e7os contrata-dos submeter-se-\u00e3o \u00e0s normas t\u00e9cnicas e administrativas e aos princ\u00edpios e diretrizes do Sistema \u00danico de Sa\u00fade (SUS), mantido o equil\u00edbrio econ\u00f4mico e financeiro do contrato.<\/div>\n<div dir=\"auto\"><\/div>\n<div dir=\"auto\">Fonte: Santa Casa de Dracena<\/div>\n<\/div>\n","protected":false},"excerpt":{"rendered":"<p>COMUNICADO RELEVANTE LEITOS DE ENFERMARIA COVID-19 \u2013 DESCONTINUIDADE Of\u00edcio n\u00ba. 142\/2021-SSHP, 20\/07\/2021 A SANTA CASA DE DRACENA, teve comunicado pela SECRETARIA MUNICIPAL DE SA\u00daDE E HIGIENE P\u00daBLICA DE DRACENA, atrav\u00e9s do Of\u00edcio n\u00ba. 142\/2021-SSHP, de 20 de julho de 2021, com os seguintes dizeres: \u201c&#8230; que com a falta de repasse de recursos financeiros do [&hellip;]<\/p>\n","protected":false},"author":1,"featured_media":51173,"comment_status":"closed","ping_status":"open","sticky":false,"template":"","format":"standard","meta":{"footnotes":""},"categories":[110,122],"tags":[],"class_list":["post-51172","post","type-post","status-publish","format-standard","has-post-thumbnail","hentry","category-noticiasdestaque","category-saudeeducacaoeconcurso"],"_links":{"self":[{"href":"https:\/\/jorgezanoni.com.br\/2019\/wp-json\/wp\/v2\/posts\/51172","targetHints":{"allow":["GET"]}}],"collection":[{"href":"https:\/\/jorgezanoni.com.br\/2019\/wp-json\/wp\/v2\/posts"}],"about":[{"href":"https:\/\/jorgezanoni.com.br\/2019\/wp-json\/wp\/v2\/types\/post"}],"author":[{"embeddable":true,"href":"https:\/\/jorgezanoni.com.br\/2019\/wp-json\/wp\/v2\/users\/1"}],"replies":[{"embeddable":true,"href":"https:\/\/jorgezanoni.com.br\/2019\/wp-json\/wp\/v2\/comments?post=51172"}],"version-history":[{"count":0,"href":"https:\/\/jorgezanoni.com.br\/2019\/wp-json\/wp\/v2\/posts\/51172\/revisions"}],"wp:featuredmedia":[{"embeddable":true,"href":"https:\/\/jorgezanoni.com.br\/2019\/wp-json\/wp\/v2\/media\/51173"}],"wp:attachment":[{"href":"https:\/\/jorgezanoni.com.br\/2019\/wp-json\/wp\/v2\/media?parent=51172"}],"wp:term":[{"taxonomy":"category","embeddable":true,"href":"https:\/\/jorgezanoni.com.br\/2019\/wp-json\/wp\/v2\/categories?post=51172"},{"taxonomy":"post_tag","embeddable":true,"href":"https:\/\/jorgezanoni.com.br\/2019\/wp-json\/wp\/v2\/tags?post=51172"}],"curies":[{"name":"wp","href":"https:\/\/api.w.org\/{rel}","templated":true}]}}