{"id":5116,"date":"2019-09-02T22:27:28","date_gmt":"2019-09-02T22:27:28","guid":{"rendered":"https:\/\/jorgezanoni.com.br\/2019\/?p=5116"},"modified":"2019-09-02T22:27:28","modified_gmt":"2019-09-02T22:27:28","slug":"delegado-geral-de-policia-realiza-visita-tecnica-ao-necrim-junqueiropolis","status":"publish","type":"post","link":"https:\/\/jorgezanoni.com.br\/2019\/delegado-geral-de-policia-realiza-visita-tecnica-ao-necrim-junqueiropolis\/","title":{"rendered":"Delegado Geral de Pol\u00edcia realiza visita t\u00e9cnica ao NECRIM Junqueir\u00f3polis"},"content":{"rendered":"<p style=\"text-align: justify;\">O Delegado Geral do Estado de S\u00e3o Paulo, Dr. Doutor Ruy Ferraz Fontes, esteve em Junqueir\u00f3polis na tarde desta segunda-feira(02), para visita t\u00e9cnica ao NECRIM (N\u00facleo Especial Criminal), \u00f3rg\u00e3o que j\u00e1 est\u00e1 em funcionamento nas depend\u00eancias da Casa da Cidadania localizado na Rua S\u00e3o Salvador, 1001, centro.<\/p>\n<p style=\"text-align: justify;\">O Delegado Dr. Geral Ruy Ferraz, veio a Junqueir\u00f3polis acompanhado do Delegado do Deinter 8 &#8211; Regional de Presidente Prudente, Dr. Walmir Geralde,o Delegado Secional de Dracena Dr. Nilton Santos Paschoal, os quais foram recepcionados pelo Delegado titular da cidade Dr. Eliandro Renato dos Santos, o prefeito H\u00e9lio Furini, Vice Sofia Rodrigues, Presidente da C\u00e2mara Marcos Ruiz, o Juiz da comarca Marcelo Luiz Leano, Juiz da Comarca, vereadores, Delegados e Policiais Civis da regi\u00e3o, v\u00e1rias autoridades e representantes de classes.<\/p>\n<p style=\"text-align: justify;\">A visita do Delegado Geral foi conduzida pelo Delegado respons\u00e1vel pela Academia da Pol\u00edcia Civil da Regional de Presidente Prudente Dr. Andr\u00e9 Luis Luengo, o qual cumprimentou aos presentes em nome das autoridades da Pol\u00edcia Civil, e na sequ\u00eancia passou o uso da palavra para o prefeito H\u00e9lio Furini e o presidente da C\u00e2mara os quais discorreram sobre a import\u00e2ncia do \u00f3rg\u00e3o em favor da popula\u00e7\u00e3o, na sequ\u00eancia aconteceu o descerramento simb\u00f3lico da placa inaugural.<\/p>\n<p style=\"text-align: justify;\">O NECRIM Junqueir\u00f3polis segue o mesmo objetivo que os demais existentes no estado, em resolver as demandas de acidentes de tr\u00e2nsito com v\u00edtimas, inj\u00faria, cal\u00fania e difama\u00e7\u00e3o. Estes s\u00e3o crimes pass\u00edveis de concilia\u00e7\u00e3o, o que contribui para que o caso n\u00e3o seja levado \u00e0 Justi\u00e7a para uma futura e demorada resolu\u00e7\u00e3o. O NECRIM (N\u00facleo Especial Criminal) \u00e9 o \u00f3rg\u00e3o especializado da Pol\u00edcia Civil do Estado de S\u00e3o Paulo, que promove a solu\u00e7\u00e3o dos conflitos de interesse entre as partes envolvidas em crimes de menor potencial ofensivo.<\/p>\n<p style=\"text-align: justify;\">O Dr. Eliandro Santos e o agente Marcelo dos Santos Vieira, respons\u00e1veis pelo \u00f3rg\u00e3o, j\u00e1 realizaram 04 quatro audi\u00eancias com \u00eaxito em concilia\u00e7\u00f5es a contento das partes envolvidas.<br \/>\nSendo feito um termo assinado pelas partes, que \u00e9 encaminhado ao Poder Judici\u00e1rio, o qual ir\u00e1 fazer a homologa\u00e7\u00e3o por meio do Juiz respons\u00e1vel.<\/p>\n<p style=\"text-align: justify;\">Em todo o Estado de S\u00e3o Paulo, h\u00e1 51 sedes do NECRIM, sendo um na Capital Paulista, cinco na Grande S\u00e3o Paulo e 44 no interior. Na regi\u00e3o, que abrange o Deinter-8 (Departamento de Pol\u00edcia Judici\u00e1ria de S\u00e3o Paulo Interior), o \u00f3rg\u00e3o esta instalado na delegacia em Adamantina, Assis, Dracena, Presidente Prudente e Presidente Venceslau e agora em Junqueir\u00f3polis, a \u00fanica cidade do estado com unidade do NECRIM fora da sede de Seccional.<br \/>\nConfira as fotos da visita t\u00e9cnica do Delegado Geral Dr. Geral Ruy Ferraz e demais autoridades ao NECRIM de Junqueir\u00f3polis.<\/p>\n<p style=\"text-align: justify;\">Fonte: Tv &#8211; Bo Oliveira<\/p>\n","protected":false},"excerpt":{"rendered":"<p>O Delegado Geral do Estado de S\u00e3o Paulo, Dr. Doutor Ruy Ferraz Fontes, esteve em Junqueir\u00f3polis na tarde desta segunda-feira(02), para visita t\u00e9cnica ao NECRIM (N\u00facleo Especial Criminal), \u00f3rg\u00e3o que j\u00e1 est\u00e1 em funcionamento nas depend\u00eancias da Casa da Cidadania localizado na Rua S\u00e3o Salvador, 1001, centro. O Delegado Dr. Geral Ruy Ferraz, veio a [&hellip;]<\/p>\n","protected":false},"author":1,"featured_media":5117,"comment_status":"closed","ping_status":"open","sticky":false,"template":"","format":"standard","meta":{"footnotes":""},"categories":[110,2],"tags":[],"class_list":["post-5116","post","type-post","status-publish","format-standard","has-post-thumbnail","hentry","category-noticiasdestaque","category-policial"],"_links":{"self":[{"href":"https:\/\/jorgezanoni.com.br\/2019\/wp-json\/wp\/v2\/posts\/5116","targetHints":{"allow":["GET"]}}],"collection":[{"href":"https:\/\/jorgezanoni.com.br\/2019\/wp-json\/wp\/v2\/posts"}],"about":[{"href":"https:\/\/jorgezanoni.com.br\/2019\/wp-json\/wp\/v2\/types\/post"}],"author":[{"embeddable":true,"href":"https:\/\/jorgezanoni.com.br\/2019\/wp-json\/wp\/v2\/users\/1"}],"replies":[{"embeddable":true,"href":"https:\/\/jorgezanoni.com.br\/2019\/wp-json\/wp\/v2\/comments?post=5116"}],"version-history":[{"count":0,"href":"https:\/\/jorgezanoni.com.br\/2019\/wp-json\/wp\/v2\/posts\/5116\/revisions"}],"wp:featuredmedia":[{"embeddable":true,"href":"https:\/\/jorgezanoni.com.br\/2019\/wp-json\/wp\/v2\/media\/5117"}],"wp:attachment":[{"href":"https:\/\/jorgezanoni.com.br\/2019\/wp-json\/wp\/v2\/media?parent=5116"}],"wp:term":[{"taxonomy":"category","embeddable":true,"href":"https:\/\/jorgezanoni.com.br\/2019\/wp-json\/wp\/v2\/categories?post=5116"},{"taxonomy":"post_tag","embeddable":true,"href":"https:\/\/jorgezanoni.com.br\/2019\/wp-json\/wp\/v2\/tags?post=5116"}],"curies":[{"name":"wp","href":"https:\/\/api.w.org\/{rel}","templated":true}]}}