{"id":51135,"date":"2021-07-23T20:29:51","date_gmt":"2021-07-23T20:29:51","guid":{"rendered":"https:\/\/jorgezanoni.com.br\/2019\/?p=51135"},"modified":"2021-07-23T20:29:51","modified_gmt":"2021-07-23T20:29:51","slug":"acidente-na-esquina-com-semaforo-que-da-acesso-ao-jardim-brasilancia","status":"publish","type":"post","link":"https:\/\/jorgezanoni.com.br\/2019\/acidente-na-esquina-com-semaforo-que-da-acesso-ao-jardim-brasilancia\/","title":{"rendered":"Acidente na esquina com sem\u00e1foro que d\u00e1 acesso ao Jardim Brasil\u00e2ncia"},"content":{"rendered":"<p style=\"text-align: justify;\"><strong>A poucos instantes foi registrado um acidente com v\u00edtima, na esquina da Avenida Presidente Rooselvet com a Rua A\u00e9cio de F\u00e9o Flora.<\/strong><\/p>\n<p style=\"text-align: justify;\">Segundo informa\u00e7\u00f5es obtidas pela reportagem do Site JZ, o condutor de um Passat, teria perdido o controle e batido no poste que d\u00e1 sustenta\u00e7\u00e3o ao Sem\u00e1foro na esquina sitada.<\/p>\n<p style=\"text-align: justify;\">O motorista que estava sozinho no ve\u00edculo foi socorrido por uma Unidade de Resgate dos Bombeiros, at\u00e9 o Pronto Atendimento Municipal de Dracena. Segundo pessoas que presenciaram no local ele estava inconsciente.<\/p>\n<p style=\"text-align: justify;\">A Pol\u00edcia Militar e T\u00e9cnica est\u00e3o no local para o registro da ocorr\u00eancia e levantamento de dados que v\u00e3o apurar as causas do acidente.<\/p>\n<p><img loading=\"lazy\" decoding=\"async\" class=\"alignnone size-full wp-image-51136\" src=\"https:\/\/jorgezanoni.com.br\/2019\/wp-content\/uploads\/2021\/07\/fiat-2.jpg\" alt=\"\" width=\"488\" height=\"396\" srcset=\"https:\/\/jorgezanoni.com.br\/2019\/wp-content\/uploads\/2021\/07\/fiat-2.jpg 488w, https:\/\/jorgezanoni.com.br\/2019\/wp-content\/uploads\/2021\/07\/fiat-2-300x243.jpg 300w\" sizes=\"auto, (max-width: 488px) 100vw, 488px\" \/> <img loading=\"lazy\" decoding=\"async\" class=\"alignnone size-full wp-image-51138\" src=\"https:\/\/jorgezanoni.com.br\/2019\/wp-content\/uploads\/2021\/07\/fiat2-2.jpg\" alt=\"\" width=\"751\" height=\"575\" srcset=\"https:\/\/jorgezanoni.com.br\/2019\/wp-content\/uploads\/2021\/07\/fiat2-2.jpg 751w, https:\/\/jorgezanoni.com.br\/2019\/wp-content\/uploads\/2021\/07\/fiat2-2-300x230.jpg 300w, https:\/\/jorgezanoni.com.br\/2019\/wp-content\/uploads\/2021\/07\/fiat2-2-80x60.jpg 80w, https:\/\/jorgezanoni.com.br\/2019\/wp-content\/uploads\/2021\/07\/fiat2-2-696x533.jpg 696w, https:\/\/jorgezanoni.com.br\/2019\/wp-content\/uploads\/2021\/07\/fiat2-2-549x420.jpg 549w\" sizes=\"auto, (max-width: 751px) 100vw, 751px\" \/><\/p>\n<p style=\"text-align: justify;\">Jorge Zanoni<\/p>\n<p style=\"text-align: justify;\">Fotos de Internauta<\/p>\n","protected":false},"excerpt":{"rendered":"<p>A poucos instantes foi registrado um acidente com v\u00edtima, na esquina da Avenida Presidente Rooselvet com a Rua A\u00e9cio de F\u00e9o Flora. Segundo informa\u00e7\u00f5es obtidas pela reportagem do Site JZ, o condutor de um Passat, teria perdido o controle e batido no poste que d\u00e1 sustenta\u00e7\u00e3o ao Sem\u00e1foro na esquina sitada. O motorista que estava [&hellip;]<\/p>\n","protected":false},"author":1,"featured_media":51137,"comment_status":"closed","ping_status":"open","sticky":false,"template":"","format":"standard","meta":{"footnotes":""},"categories":[170,110],"tags":[],"class_list":["post-51135","post","type-post","status-publish","format-standard","has-post-thumbnail","hentry","category-acidentes","category-noticiasdestaque"],"_links":{"self":[{"href":"https:\/\/jorgezanoni.com.br\/2019\/wp-json\/wp\/v2\/posts\/51135","targetHints":{"allow":["GET"]}}],"collection":[{"href":"https:\/\/jorgezanoni.com.br\/2019\/wp-json\/wp\/v2\/posts"}],"about":[{"href":"https:\/\/jorgezanoni.com.br\/2019\/wp-json\/wp\/v2\/types\/post"}],"author":[{"embeddable":true,"href":"https:\/\/jorgezanoni.com.br\/2019\/wp-json\/wp\/v2\/users\/1"}],"replies":[{"embeddable":true,"href":"https:\/\/jorgezanoni.com.br\/2019\/wp-json\/wp\/v2\/comments?post=51135"}],"version-history":[{"count":0,"href":"https:\/\/jorgezanoni.com.br\/2019\/wp-json\/wp\/v2\/posts\/51135\/revisions"}],"wp:featuredmedia":[{"embeddable":true,"href":"https:\/\/jorgezanoni.com.br\/2019\/wp-json\/wp\/v2\/media\/51137"}],"wp:attachment":[{"href":"https:\/\/jorgezanoni.com.br\/2019\/wp-json\/wp\/v2\/media?parent=51135"}],"wp:term":[{"taxonomy":"category","embeddable":true,"href":"https:\/\/jorgezanoni.com.br\/2019\/wp-json\/wp\/v2\/categories?post=51135"},{"taxonomy":"post_tag","embeddable":true,"href":"https:\/\/jorgezanoni.com.br\/2019\/wp-json\/wp\/v2\/tags?post=51135"}],"curies":[{"name":"wp","href":"https:\/\/api.w.org\/{rel}","templated":true}]}}