{"id":5113,"date":"2019-09-02T22:19:23","date_gmt":"2019-09-02T22:19:23","guid":{"rendered":"https:\/\/jorgezanoni.com.br\/2019\/?p=5113"},"modified":"2019-09-02T22:19:23","modified_gmt":"2019-09-02T22:19:23","slug":"confira-o-plantao-policial-das-ultimas-horas-02-09-19","status":"publish","type":"post","link":"https:\/\/jorgezanoni.com.br\/2019\/confira-o-plantao-policial-das-ultimas-horas-02-09-19\/","title":{"rendered":"Confira o Plant\u00e3o Policial das \u00faltimas horas 02\/09\/19"},"content":{"rendered":"<p style=\"text-align: justify;\"><strong>AP\u00d3S DEN\u00daNCIA, CASAL \u00c9 PRESO PELA POL\u00cdCIA MILITAR EM PAULIC\u00c9IA\/SP, POR TR\u00c1FICO DE DROGAS. <\/strong><\/p>\n<p style=\"text-align: justify;\">Tr\u00e1fico de drogas\u2013 Flagrante<\/p>\n<p style=\"text-align: justify;\">Data: 30AGO19 \u00e1s 18:30.<\/p>\n<p style=\"text-align: justify;\">Endere\u00e7o: Av. Brasil &#8211; Paulic\u00e9ia\/SP.<\/p>\n<p style=\"text-align: justify;\">Autor 01: A.A.S. (32 anos)<\/p>\n<p style=\"text-align: justify;\">Autora 02: D.T.R.S.(23 anos)<\/p>\n<p style=\"text-align: justify;\">Apreens\u00f5es: 10 pedras fracionadas e 01 bruta de crack;02 por\u00e7\u00f5es de maconha;R$ 422,35 e 02 aparelhos celular.<\/p>\n<p style=\"text-align: justify;\">No dia 30\/08, por volta das 18h30min, os Policiais Militares de Paulic\u00e9ia receberam informa\u00e7\u00f5es dizendo que indiv\u00edduos estariam realizando tr\u00e1fico de drogas, utilizando um ve\u00edculo VW\/Pointer prata. Durante o patrulhamento os policiais se depararam com o ve\u00edculo pela av. Brasil, onde foi realizada a abordagem. Na busca pessoal, foram localizadas 08 pedras de crack e R$422,35 na bolsa da autora D.T.R.S., e 01 pedra de crack na carteira do autor A.A.S., Com apoio da viatura do canil, foi realizada buscas na resid\u00eancia do D.T.R.S., sendo localizado mais 01 pedra bruta e 01 pedra fracionada de crack e 02 por\u00e7\u00f5es de maconha. Diante dos fatos, foi dado voz de pris\u00e3o em flagrante delito ao casal, que foram conduzidos at\u00e9 a delegacia onde permaneceram presos a disposi\u00e7\u00e3o da justi\u00e7a.<\/p>\n<p style=\"text-align: justify;\"><strong>HOMEM\u00c9 PRESOPELA POL\u00cdCIA MILITAR EM DRACENA\/SP, POR TR\u00c1FICO DE DROGAS. <\/strong><\/p>\n<p style=\"text-align: justify;\">Tr\u00e1fico de Drogas &#8211; Flagrante.<\/p>\n<p style=\"text-align: justify;\">Data: 30AGO19\u00e1s 20h48min.<\/p>\n<p style=\"text-align: justify;\">Endere\u00e7o: R. Caramuru &#8211; Dracena\/SP.<\/p>\n<p style=\"text-align: justify;\">Autor: W.A.S.(27 anos)<\/p>\n<p style=\"text-align: justify;\">Apreens\u00f5es: 0,003 Kg de crack e 27 por\u00e7\u00f5es de maconha.<\/p>\n<p style=\"text-align: justify;\">Na noite do dia 30\/08, por volta das 20h48min, durante patrulhamento de For\u00e7a T\u00e1tica na cidade de Dracena, a equipe se deparou com o autor W.A.S., parado em frente \u00e0 sua casa, ao lado de um ve\u00edculo Santana Quantum, e ao ver os policiais, o autor arremessou algo sobre o port\u00e3o. De imediato foi realizada busca pessoal, por\u00e9m nada localizado. Ao verificar o que foi arremessado, constatou ser uma pedra bruta de crack (0,003Kg) e ao realizar revista no interior do ve\u00edculo, foi localizado mais 27 por\u00e7\u00f5es de maconha (0,045 Kg) bem como R$ 150,00.Diante dos fatos, autor foi conduzido e apresentado na delegacia onde permaneceu \u00e0 disposi\u00e7\u00e3o da justi\u00e7a.<\/p>\n<p style=\"text-align: justify;\"><strong>MULHER \u00c9 PRESA TENTANDO ENTRAR NA PENITENCI\u00c1RIA DE IRAPURU COM DROGAS.<\/strong><\/p>\n<p style=\"text-align: justify;\">Tr\u00e1fico de Drogas &#8211; Flagrante.<\/p>\n<p style=\"text-align: justify;\">Data: 31AGO19\u00e1s 10h34min.<\/p>\n<p style=\"text-align: justify;\">Endere\u00e7o: Penitenci\u00e1ria de Irapuru e Rua Piau &#8211; Irapuru\/SP.<\/p>\n<p style=\"text-align: justify;\">Autora: D.M.S.(27 anos)<\/p>\n<p style=\"text-align: justify;\">Apreens\u00f5es: 0,293 Kg de coca\u00edna e 0,004 Kg de maconha.<\/p>\n<p style=\"text-align: justify;\">Na manh\u00e3 do dia 31\/08, por volta das 10h34min, os Policiais militares de Irapuru, ap\u00f3s despacho via Copom de ocorr\u00eancia para apoio \u00e0 Penitenci\u00e1ria de Irapuru, informando que uma mulher visitante estaria com drogas em suas partes intimas. No local, foi confirmada a situa\u00e7\u00e3o ap\u00f3s passagem pelo scanner corporal. Ao ser indagada pelos policiais, a autora confessou que entraria com a coca\u00edna e a maconha na Penitenci\u00e1ria para seu marido que est\u00e1 preso, relatando ainda que receberia a quantia de 20 mil reais do partido PCC pela entrega da droga e que possu\u00eda mais drogas na pens\u00e3o onde estava hospedada. Em buscas na referida pens\u00e3o, foi localizado mais um inv\u00f3lucro de coca\u00edna. Diante dos fatos a autora recebeu voz de pris\u00e3o por tr\u00e1fico de drogas, sendo encaminhada a delegacia onde permaneceu presa \u00e0 disposi\u00e7\u00e3o da justi\u00e7a.<\/p>\n<p style=\"text-align: justify;\"><strong>PASSAGEIRO \u00c9 PRESOPELA POL\u00cdCIA MILITAR EM OSVALDO CRUZ, TRANSPORTANDO DROGAS.\u00a0\u00a0 <\/strong><\/p>\n<p style=\"text-align: justify;\">Tr\u00e1fico de Drogas &#8211; Flagrante.<\/p>\n<p style=\"text-align: justify;\">Data: 31AGO19\u00e1s 15h54min.<\/p>\n<p style=\"text-align: justify;\">Endere\u00e7o: Estrada Roberto Romanini &#8211; Osvaldo Cruz\/SP.<\/p>\n<p style=\"text-align: justify;\">Autor: E.S.Z.<\/p>\n<p style=\"text-align: justify;\">No dia 31\/08, por volta das 15h54min, os Policiais Militares de Osvaldo Cruz, ap\u00f3s receberem den\u00fancia an\u00f4nima de que um indiv\u00edduo transportaria droga dacidade de Osvaldo Cruz para Fl\u00f3rida Paulista em um \u00f4nibus. Com as informa\u00e7\u00f5es e caracter\u00edsticas do indiv\u00edduo, realizaram um ponto de bloqueio na vicinal Roberto Romanini, e abordagem em um \u00f4nibus. No interior do \u00f4nibus, localizaram E.S.Z., que apresentava as mesmas caracter\u00edsticas e ap\u00f3s a revista pessoal foi encontrado dentro da sua meia uma por\u00e7\u00e3o de maconha. Diante dos fatos foi dada voz de pris\u00e3o ao indiciado que foi encaminhado \u00e0 delegacia onde permaneceu a disposi\u00e7\u00e3o da justi\u00e7a.<\/p>\n<p style=\"text-align: justify;\"><strong>POL\u00cdCIA MILITAR PRENDE MULHER PROCURADA DA JUSTI\u00c7A EM DRACENA \/SP. <\/strong><\/p>\n<p style=\"text-align: justify;\">Cumprimento de Mandado de Pris\u00e3o.<\/p>\n<p style=\"text-align: justify;\">Data: 01SET19\u00e0s09h00min.<\/p>\n<p style=\"text-align: justify;\">Endere\u00e7o: Rua Barbara Nascimento Sanches &#8211; Nossa Sra Aparecida \u2013 Dracena\/SP.<\/p>\n<p style=\"text-align: justify;\">Procurada: S.A.L.D.<\/p>\n<p style=\"text-align: justify;\">Em cumprimento ao mandado de pris\u00e3o em desfavor da procurada S.A.L.D., os Policiais Militares de Dracena, no dia 01\/09, por volta das 09h, foram at\u00e9 a resid\u00eancia da mesma que ap\u00f3s ser cientificada do Mandado, foi conduzida e apresentada na delegacia onde permaneceu a disposi\u00e7\u00e3o da justi\u00e7a.<\/p>\n<p style=\"text-align: justify;\"><strong>POL\u00cdCIA MILITAR PRENDE HOMEM PROCURADO DA JUSTI\u00c7A EM JUNQUEIR\u00d3POLIS\/SP. <\/strong><\/p>\n<p style=\"text-align: justify;\">Cumprimento de Mandado de Pris\u00e3o.<\/p>\n<p style=\"text-align: justify;\">Data: 01SET19\u00e0s 09h33min.<\/p>\n<p style=\"text-align: justify;\">Endere\u00e7o: Terminal Rodovi\u00e1rio \u2013 Vila Ruth \u2013 Junqueir\u00f3polis\/SP.<\/p>\n<p style=\"text-align: justify;\">Procurado: M.L.S.B.<\/p>\n<p style=\"text-align: justify;\">Como \u00e9 de conhecimento dos Policiais Militares que uma empresa de \u00f4nibus est\u00e1 sendo usada por pessoas para realizarem o tr\u00e1fico de drogas, a equipe resolveu realizar a abordagem em um \u00f4nibus que se encontrava no terminal rodovi\u00e1rio, sendo localizado no interior com o autor M.L.S.B., que demonstrou certo nervosismo, foi realizada a pesquisa via Copom e constatado um mandado de pris\u00e3o em seu desfavor. Diante dos fatos o autor foi conduzido \u00e0 delegacia onde permaneceu a disposi\u00e7\u00e3o da justi\u00e7a.<\/p>\n<p style=\"text-align: justify;\"><strong>AP\u00d3S AGREDIR A M\u00c3E, POL\u00cdCIA MILITAR PRENDE FILHO POR AGRESS\u00c3O EM LUC\u00c9LIA\/SP.\u00a0\u00a0 <\/strong><\/p>\n<p style=\"text-align: justify;\">Agress\u00e3o &#8211; Flagrante.<\/p>\n<p style=\"text-align: justify;\">Data: 01SET9\u00e1s 13h22min.<\/p>\n<p style=\"text-align: justify;\">Endere\u00e7o: Rua Prefeito Arnaldo Pozzeti &#8211; Vila Rancharia\u2013 Luc\u00e9lia\/SP.<\/p>\n<p style=\"text-align: justify;\">Autor: L.A.T. (48 anos)<\/p>\n<p style=\"text-align: justify;\">V\u00edtima: I.A.T.(70 anos)<\/p>\n<p style=\"text-align: justify;\">Na tarde do dia 01\/09, por volta das 13h22min, os Policiais Militares de Luc\u00e9lia, foram solicitados para atender uma ocorr\u00eancia de desintelig\u00eancia familiar, onde o filho teria dado um soco no olho esquerdo de sua m\u00e3e, causando uma les\u00e3o e fugido logo em seguida. Em dilig\u00eancias, os Policiais localizaram o autor ca\u00eddo na cal\u00e7ada, totalmente alcoolizado e sujo, onde foi dada voz de pris\u00e3o, sendo conduzido ao plant\u00e3o policial, onde o delegado ratificou a pris\u00e3o, permanecendo o autor a disposi\u00e7\u00e3o da justi\u00e7a.<\/p>\n<p style=\"text-align: justify;\">#25BPMI<\/p>\n<p style=\"text-align: justify;\">#POLICIAMILITARSP<\/p>\n<p style=\"text-align: justify;\">#AFOR\u00c7AP\u00daBLICADES\u00c3OPAULO<\/p>\n<p style=\"text-align: justify;\">Fonte: COMUNICA\u00c7\u00c3O SOCIAL DO 25\u00ba BPM\/I &#8211; Dracena e regi\u00e3o.<\/p>\n","protected":false},"excerpt":{"rendered":"<p>AP\u00d3S DEN\u00daNCIA, CASAL \u00c9 PRESO PELA POL\u00cdCIA MILITAR EM PAULIC\u00c9IA\/SP, POR TR\u00c1FICO DE DROGAS. Tr\u00e1fico de drogas\u2013 Flagrante Data: 30AGO19 \u00e1s 18:30. Endere\u00e7o: Av. Brasil &#8211; Paulic\u00e9ia\/SP. Autor 01: A.A.S. (32 anos) Autora 02: D.T.R.S.(23 anos) Apreens\u00f5es: 10 pedras fracionadas e 01 bruta de crack;02 por\u00e7\u00f5es de maconha;R$ 422,35 e 02 aparelhos celular. No dia [&hellip;]<\/p>\n","protected":false},"author":1,"featured_media":5114,"comment_status":"closed","ping_status":"open","sticky":false,"template":"","format":"standard","meta":{"footnotes":""},"categories":[110,2],"tags":[],"class_list":["post-5113","post","type-post","status-publish","format-standard","has-post-thumbnail","hentry","category-noticiasdestaque","category-policial"],"_links":{"self":[{"href":"https:\/\/jorgezanoni.com.br\/2019\/wp-json\/wp\/v2\/posts\/5113","targetHints":{"allow":["GET"]}}],"collection":[{"href":"https:\/\/jorgezanoni.com.br\/2019\/wp-json\/wp\/v2\/posts"}],"about":[{"href":"https:\/\/jorgezanoni.com.br\/2019\/wp-json\/wp\/v2\/types\/post"}],"author":[{"embeddable":true,"href":"https:\/\/jorgezanoni.com.br\/2019\/wp-json\/wp\/v2\/users\/1"}],"replies":[{"embeddable":true,"href":"https:\/\/jorgezanoni.com.br\/2019\/wp-json\/wp\/v2\/comments?post=5113"}],"version-history":[{"count":0,"href":"https:\/\/jorgezanoni.com.br\/2019\/wp-json\/wp\/v2\/posts\/5113\/revisions"}],"wp:featuredmedia":[{"embeddable":true,"href":"https:\/\/jorgezanoni.com.br\/2019\/wp-json\/wp\/v2\/media\/5114"}],"wp:attachment":[{"href":"https:\/\/jorgezanoni.com.br\/2019\/wp-json\/wp\/v2\/media?parent=5113"}],"wp:term":[{"taxonomy":"category","embeddable":true,"href":"https:\/\/jorgezanoni.com.br\/2019\/wp-json\/wp\/v2\/categories?post=5113"},{"taxonomy":"post_tag","embeddable":true,"href":"https:\/\/jorgezanoni.com.br\/2019\/wp-json\/wp\/v2\/tags?post=5113"}],"curies":[{"name":"wp","href":"https:\/\/api.w.org\/{rel}","templated":true}]}}