{"id":51129,"date":"2021-07-23T19:35:03","date_gmt":"2021-07-23T19:35:03","guid":{"rendered":"https:\/\/jorgezanoni.com.br\/2019\/?p=51129"},"modified":"2021-07-23T19:35:03","modified_gmt":"2021-07-23T19:35:03","slug":"vacina-covid-19-segunda-feira-atendera-pessoas-com-segunda-dose-agendada","status":"publish","type":"post","link":"https:\/\/jorgezanoni.com.br\/2019\/vacina-covid-19-segunda-feira-atendera-pessoas-com-segunda-dose-agendada\/","title":{"rendered":"VACINA COVID 19: Segunda-feira atender\u00e1 pessoas com segunda dose agendada"},"content":{"rendered":"<div class=\"ntc_resumo_noticia sw_lato_bold\" style=\"text-align: justify;\"><strong>O posto de vacina\u00e7\u00e3o que estar\u00e1 atendendo ser\u00e1 o CEP-UME; a semana termina com o munic\u00edpio chegando a mais de 40 mil doses da vacina aplicadas.<\/strong><\/div>\n<div><\/div>\n<div class=\"ntc_descricao_noticia\">\n<div class=\"ntc_cont_descricao_noticia sw_txteditor\" style=\"text-align: justify;\">\n<div>A Secretaria Municipal de Sa\u00fade informa que nesta semana aplicou 3.180 doses da vacina contra a covid 19. Na segunda-feira, foram 801 doses; na ter\u00e7a, 771; na quarta, 434; na quinta, 445 e nesta sexta-feira, 730 doses aplicadas. Ressalta que o cronograma atingiu hoje, a faixa et\u00e1ria de 27 anos e mais.<\/div>\n<div>\nConforme a Vigil\u00e2ncia Epidemiol\u00f3gica (VE), hoje o munic\u00edpio ultrapassou as 40 mil doses de vacina aplicadas, sendo 40.701.<\/div>\n<div>\nNa pr\u00f3xima segunda-feira, 26, a campanha de vacina\u00e7\u00e3o atender\u00e1 pessoas que est\u00e3o com a segunda dose agendada, na Escola CEP-UME, das 8h \u00e0s 13h.<\/div>\n<div>\nA VE informa ainda que aguarda comunica\u00e7\u00e3o do Grupo de Vigil\u00e2ncia Epidemiol\u00f3gica (GVE) de Presidente Venceslau, quanto \u00e0 chegada de mais doses na segunda, para que possam ser retiradas e, com isso, abrir nova faixa et\u00e1ria na ter\u00e7a, 27\/07.<\/div>\n<div><\/div>\n<\/div>\n<div style=\"text-align: justify;\">Fonte: Diretoria de Comunica\u00e7\u00e3o<\/div>\n<\/div>\n","protected":false},"excerpt":{"rendered":"<p>O posto de vacina\u00e7\u00e3o que estar\u00e1 atendendo ser\u00e1 o CEP-UME; a semana termina com o munic\u00edpio chegando a mais de 40 mil doses da vacina aplicadas. A Secretaria Municipal de Sa\u00fade informa que nesta semana aplicou 3.180 doses da vacina contra a covid 19. Na segunda-feira, foram 801 doses; na ter\u00e7a, 771; na quarta, 434; [&hellip;]<\/p>\n","protected":false},"author":1,"featured_media":51130,"comment_status":"closed","ping_status":"open","sticky":false,"template":"","format":"standard","meta":{"footnotes":""},"categories":[179,184,110],"tags":[],"class_list":["post-51129","post","type-post","status-publish","format-standard","has-post-thumbnail","hentry","category-cidadeseregiao","category-dracena","category-noticiasdestaque"],"_links":{"self":[{"href":"https:\/\/jorgezanoni.com.br\/2019\/wp-json\/wp\/v2\/posts\/51129","targetHints":{"allow":["GET"]}}],"collection":[{"href":"https:\/\/jorgezanoni.com.br\/2019\/wp-json\/wp\/v2\/posts"}],"about":[{"href":"https:\/\/jorgezanoni.com.br\/2019\/wp-json\/wp\/v2\/types\/post"}],"author":[{"embeddable":true,"href":"https:\/\/jorgezanoni.com.br\/2019\/wp-json\/wp\/v2\/users\/1"}],"replies":[{"embeddable":true,"href":"https:\/\/jorgezanoni.com.br\/2019\/wp-json\/wp\/v2\/comments?post=51129"}],"version-history":[{"count":0,"href":"https:\/\/jorgezanoni.com.br\/2019\/wp-json\/wp\/v2\/posts\/51129\/revisions"}],"wp:featuredmedia":[{"embeddable":true,"href":"https:\/\/jorgezanoni.com.br\/2019\/wp-json\/wp\/v2\/media\/51130"}],"wp:attachment":[{"href":"https:\/\/jorgezanoni.com.br\/2019\/wp-json\/wp\/v2\/media?parent=51129"}],"wp:term":[{"taxonomy":"category","embeddable":true,"href":"https:\/\/jorgezanoni.com.br\/2019\/wp-json\/wp\/v2\/categories?post=51129"},{"taxonomy":"post_tag","embeddable":true,"href":"https:\/\/jorgezanoni.com.br\/2019\/wp-json\/wp\/v2\/tags?post=51129"}],"curies":[{"name":"wp","href":"https:\/\/api.w.org\/{rel}","templated":true}]}}