{"id":51126,"date":"2021-07-23T19:07:19","date_gmt":"2021-07-23T19:07:19","guid":{"rendered":"https:\/\/jorgezanoni.com.br\/2019\/?p=51126"},"modified":"2021-07-23T19:07:19","modified_gmt":"2021-07-23T19:07:19","slug":"policia-militar-prende-autor-de-roubo-a-estabelecimento-comercial-de-junqueiropolis","status":"publish","type":"post","link":"https:\/\/jorgezanoni.com.br\/2019\/policia-militar-prende-autor-de-roubo-a-estabelecimento-comercial-de-junqueiropolis\/","title":{"rendered":"Pol\u00edcia Militar prende autor de roubo a estabelecimento comercial de Junqueir\u00f3polis"},"content":{"rendered":"<p style=\"text-align: justify;\">Durante patrulhamento pelo munic\u00edpio de Junqueir\u00f3polis na noite de ontem (22) por volta das 22h20min equipe da Pol\u00edcia Militar avistou um indiv\u00edduo (30 anos) caminhando pela avenida Internacional que ao perceber a viatura policial demonstrou certo nervosismo e tentou evadir-se correndo a p\u00e9, sendo acompanhado e abordado. Foi realizada busca pessoal nada de il\u00edcito foi encontrado. Como era de conhecimento da equipe que havia em um mandado de pris\u00e3o em aberto expedido pela vara \u00fanica do comarca de Junqueir\u00f3polis pela pr\u00e1tica do crime de roubo ocorrido no dia 20 de julho de 2021 a um estabelecimento comercial, foi dado voz de pris\u00e3o permanecendo preso \u00e0 disposi\u00e7\u00e3o da Justi\u00e7a.<\/p>\n<p>Fonte: Com. Social Pol\u00edcia Militar<\/p>\n","protected":false},"excerpt":{"rendered":"<p>Durante patrulhamento pelo munic\u00edpio de Junqueir\u00f3polis na noite de ontem (22) por volta das 22h20min equipe da Pol\u00edcia Militar avistou um indiv\u00edduo (30 anos) caminhando pela avenida Internacional que ao perceber a viatura policial demonstrou certo nervosismo e tentou evadir-se correndo a p\u00e9, sendo acompanhado e abordado. Foi realizada busca pessoal nada de il\u00edcito foi [&hellip;]<\/p>\n","protected":false},"author":1,"featured_media":51127,"comment_status":"closed","ping_status":"open","sticky":false,"template":"","format":"standard","meta":{"footnotes":""},"categories":[110,2],"tags":[],"class_list":["post-51126","post","type-post","status-publish","format-standard","has-post-thumbnail","hentry","category-noticiasdestaque","category-policial"],"_links":{"self":[{"href":"https:\/\/jorgezanoni.com.br\/2019\/wp-json\/wp\/v2\/posts\/51126","targetHints":{"allow":["GET"]}}],"collection":[{"href":"https:\/\/jorgezanoni.com.br\/2019\/wp-json\/wp\/v2\/posts"}],"about":[{"href":"https:\/\/jorgezanoni.com.br\/2019\/wp-json\/wp\/v2\/types\/post"}],"author":[{"embeddable":true,"href":"https:\/\/jorgezanoni.com.br\/2019\/wp-json\/wp\/v2\/users\/1"}],"replies":[{"embeddable":true,"href":"https:\/\/jorgezanoni.com.br\/2019\/wp-json\/wp\/v2\/comments?post=51126"}],"version-history":[{"count":0,"href":"https:\/\/jorgezanoni.com.br\/2019\/wp-json\/wp\/v2\/posts\/51126\/revisions"}],"wp:featuredmedia":[{"embeddable":true,"href":"https:\/\/jorgezanoni.com.br\/2019\/wp-json\/wp\/v2\/media\/51127"}],"wp:attachment":[{"href":"https:\/\/jorgezanoni.com.br\/2019\/wp-json\/wp\/v2\/media?parent=51126"}],"wp:term":[{"taxonomy":"category","embeddable":true,"href":"https:\/\/jorgezanoni.com.br\/2019\/wp-json\/wp\/v2\/categories?post=51126"},{"taxonomy":"post_tag","embeddable":true,"href":"https:\/\/jorgezanoni.com.br\/2019\/wp-json\/wp\/v2\/tags?post=51126"}],"curies":[{"name":"wp","href":"https:\/\/api.w.org\/{rel}","templated":true}]}}