{"id":51120,"date":"2021-07-23T18:35:42","date_gmt":"2021-07-23T18:35:42","guid":{"rendered":"https:\/\/jorgezanoni.com.br\/2019\/?p=51120"},"modified":"2021-07-23T18:38:08","modified_gmt":"2021-07-23T18:38:08","slug":"policia-civil-esclarece-roubo-ocorrem-em-mini-mercado-em-junqueiropolis","status":"publish","type":"post","link":"https:\/\/jorgezanoni.com.br\/2019\/policia-civil-esclarece-roubo-ocorrem-em-mini-mercado-em-junqueiropolis\/","title":{"rendered":"Pol\u00edcia Civil esclarece roubo ocorrido em Mini Mercado em Junqueir\u00f3polis"},"content":{"rendered":"<p style=\"text-align: justify;\">Um suspeito foi preso ap\u00f3s representa\u00e7\u00e3o e decreta\u00e7\u00e3o do pedido de pris\u00e3o tempor\u00e1ria.<\/p>\n<p style=\"text-align: justify;\">A Pol\u00edcia Civil, por interm\u00e9dio da Delegacia de Pol\u00edcia de Junqueir\u00f3polis, esclareceu na quarta-feira (22), um roubo praticado em um mercado da cidade.<\/p>\n<p>O crime aconteceu no final da tarde de ter\u00e7a-feira (20), quando um indiv\u00edduo ingressou no com\u00e9rcio, nas imedia\u00e7\u00f5es da &#8220;curva do S&#8221;, em Junqueir\u00f3polis e, portando uma faca, obrigou a v\u00edtima a lhe entregar todo o dinheiro do caixa, cerca de 400 reais.<\/p>\n<p style=\"text-align: justify;\">Iniciadas as investiga\u00e7\u00f5es, policiais civis da Delegacia de Pol\u00edcia de Junqueir\u00f3polis, identificaram um indiv\u00edduo como sendo o autor do roubo. Os policiais tamb\u00e9m identificaram a participa\u00e7\u00e3o de outra pessoa, que momentos antes passou no mesmo mercado, possivelmente para fazer uma observa\u00e7\u00e3o pr\u00e9via.<\/p>\n<p style=\"text-align: justify;\">Diante destes fatos, a Autoridade Pol\u00edcia local instaurou inqu\u00e9rito policial e representou ao ju\u00edzo da comarca para a decreta\u00e7\u00e3o da pris\u00e3o tempor\u00e1ria do autor. E na noite de quinta-feira (23) uma equipe da Pol\u00edcia Militar acabou localizando e prendendo o suspeito de 30 anos de idade.<\/p>\n<p style=\"text-align: justify;\">O homem foi conduzido ao Plant\u00e3o, onde foi dado cumprimento ao mandado de pris\u00e3o tempor\u00e1rio, sendo em seguida indiciado por roubo qualificado e ser\u00e1 submetido a audi\u00eancia de cust\u00f3dia.<\/p>\n<p style=\"text-align: justify;\">As investiga\u00e7\u00f5es prosseguem com intuito de localizar o paradeiro do outro suspeito.<\/p>\n<p style=\"text-align: justify;\">Fonte: Com. Social Pol\u00edcia Civil<\/p>\n","protected":false},"excerpt":{"rendered":"<p>Um suspeito foi preso ap\u00f3s representa\u00e7\u00e3o e decreta\u00e7\u00e3o do pedido de pris\u00e3o tempor\u00e1ria. A Pol\u00edcia Civil, por interm\u00e9dio da Delegacia de Pol\u00edcia de Junqueir\u00f3polis, esclareceu na quarta-feira (22), um roubo praticado em um mercado da cidade. O crime aconteceu no final da tarde de ter\u00e7a-feira (20), quando um indiv\u00edduo ingressou no com\u00e9rcio, nas imedia\u00e7\u00f5es da [&hellip;]<\/p>\n","protected":false},"author":1,"featured_media":51122,"comment_status":"closed","ping_status":"open","sticky":false,"template":"","format":"standard","meta":{"footnotes":""},"categories":[110,2],"tags":[],"class_list":["post-51120","post","type-post","status-publish","format-standard","has-post-thumbnail","hentry","category-noticiasdestaque","category-policial"],"_links":{"self":[{"href":"https:\/\/jorgezanoni.com.br\/2019\/wp-json\/wp\/v2\/posts\/51120","targetHints":{"allow":["GET"]}}],"collection":[{"href":"https:\/\/jorgezanoni.com.br\/2019\/wp-json\/wp\/v2\/posts"}],"about":[{"href":"https:\/\/jorgezanoni.com.br\/2019\/wp-json\/wp\/v2\/types\/post"}],"author":[{"embeddable":true,"href":"https:\/\/jorgezanoni.com.br\/2019\/wp-json\/wp\/v2\/users\/1"}],"replies":[{"embeddable":true,"href":"https:\/\/jorgezanoni.com.br\/2019\/wp-json\/wp\/v2\/comments?post=51120"}],"version-history":[{"count":0,"href":"https:\/\/jorgezanoni.com.br\/2019\/wp-json\/wp\/v2\/posts\/51120\/revisions"}],"wp:featuredmedia":[{"embeddable":true,"href":"https:\/\/jorgezanoni.com.br\/2019\/wp-json\/wp\/v2\/media\/51122"}],"wp:attachment":[{"href":"https:\/\/jorgezanoni.com.br\/2019\/wp-json\/wp\/v2\/media?parent=51120"}],"wp:term":[{"taxonomy":"category","embeddable":true,"href":"https:\/\/jorgezanoni.com.br\/2019\/wp-json\/wp\/v2\/categories?post=51120"},{"taxonomy":"post_tag","embeddable":true,"href":"https:\/\/jorgezanoni.com.br\/2019\/wp-json\/wp\/v2\/tags?post=51120"}],"curies":[{"name":"wp","href":"https:\/\/api.w.org\/{rel}","templated":true}]}}