{"id":51096,"date":"2021-07-23T00:04:48","date_gmt":"2021-07-23T00:04:48","guid":{"rendered":"https:\/\/jorgezanoni.com.br\/2019\/?p=51096"},"modified":"2021-07-23T00:06:59","modified_gmt":"2021-07-23T00:06:59","slug":"policia-civil-prende-suspeitos-de-envolvimento-em-furto-e-receptacao-de-fios-e-cabos-de-cobre-em-ouro-verde","status":"publish","type":"post","link":"https:\/\/jorgezanoni.com.br\/2019\/policia-civil-prende-suspeitos-de-envolvimento-em-furto-e-receptacao-de-fios-e-cabos-de-cobre-em-ouro-verde\/","title":{"rendered":"Pol\u00edcia Civil prende suspeitos de envolvimento em furto e recepta\u00e7\u00e3o de fios e cabos de cobre em Ouro Verde"},"content":{"rendered":"<p style=\"text-align: justify;\">Um dos suspeitos preso mantinha um ponto de com\u00e9rcio clandestino de \u201cferro velho\u201d na pr\u00f3pria resid\u00eancia. Cerca de mais 10 quilos cobre de fios e cabos el\u00e9tricos foram apreendidos.<\/p>\n<p style=\"text-align: justify;\">A Pol\u00edcia Civil, por interm\u00e9dio da Delegacia de Pol\u00edcia de Ouro Verde, prendeu nesta ter\u00e7a-feira (20), duas pessoas, durante trabalho investigativo que apurava ocorr\u00eancia de furto de fios e cabos de cobre em Ouro Verde.<\/p>\n<p style=\"text-align: justify;\">Dois homens, de 46 e 20 anos, foram atuados em flagrante pelo crime de recepta\u00e7\u00e3o qualificada e furto qualificado. O suspeito de 46 anos, mantinha um ponto de com\u00e9rcio clandestino de \u201cferro velho\u201d na pr\u00f3pria resid\u00eancia, e durante o interrogat\u00f3rio confessou que teria comprado do homem, de 20 anos, \u201cumas pedaceiras de fio chamuscado\u201d, e que teria pagado a quantia de R$ 126,00 pelo material, e que n\u00e3o teria aferido o peso. Declarou tamb\u00e9m, que s\u00f3 comprou devido a insist\u00eancia do suspeito de 20 anos, pois ele \u201cn\u00e3o mexe com essas coisas n\u00e3o\u201d. O indiciado de 46 anos, propriet\u00e1rio da resid\u00eancia, acabou atuado em flagrante por crime de recepta\u00e7\u00e3o qualificada por exercer o com\u00e9rcio, ficando \u00e0 disposi\u00e7\u00e3o da Justi\u00e7a.<\/p>\n<p style=\"text-align: justify;\">J\u00e1 outro individuo de 20 anos, foi atuado em flagrante pelo crime de furto qualificado, e durante sua declara\u00e7\u00e3o, ao ser formalmente indiciado, confessou que havia praticado outros furtos de fios, inclusive em propriedades rurais do munic\u00edpio. Relatou ainda, que seu enteado, menor de idade, sempre o acompanhava nos locais furtados. Raz\u00e3o, pela qual tamb\u00e9m acabou sendo indiciado pelo crime de corrup\u00e7\u00e3o de menores.<\/p>\n<p style=\"text-align: justify;\">Ap\u00f3s o t\u00e9rmino dos procedimentos flagr\u00e2ncias, ambos, permaneceram a presos \u00e0 disposi\u00e7\u00e3o da Justi\u00e7a.<\/p>\n<p style=\"text-align: justify;\">Os cabos e fios el\u00e9tricos que furtados s\u00e3o geralmente queimados para separar a prote\u00e7\u00e3o de pl\u00e1stico e extrair o cobre, e em seguida, s\u00e3o comercializados ilegalmente. E aquele comerciante que comprar fios e cabos de cobre sem proced\u00eancia de origem pode ser penalizado, por recepta\u00e7\u00e3o qualificada, com pena reclus\u00e3o de tr\u00eas a oito anos e multa.<\/p>\n<p style=\"text-align: justify;\">Den\u00fancias sobre pessoas que praticam furtos, e tamb\u00e9m as pessoas que compras o produto furtado, podem ser feitas pelo n\u00famero do Disque-Den\u00fancia 181 ou pelo telefone (18) 382 1153, da Delegacia de Pol\u00edcia de Ouro Verde. O sigilo e o anonimato s\u00e3o garantidos<\/p>\n<p style=\"text-align: justify;\">Ap\u00f3s a audi\u00eancia de cust\u00f3dia a Justi\u00e7a, converteu a pris\u00e3o em flagrante em pris\u00e3o preventiva aos dois acusados<\/p>\n<p style=\"text-align: justify;\">Fonte: Com. Social Pol\u00edcia Civil<\/p>\n","protected":false},"excerpt":{"rendered":"<p>Um dos suspeitos preso mantinha um ponto de com\u00e9rcio clandestino de \u201cferro velho\u201d na pr\u00f3pria resid\u00eancia. Cerca de mais 10 quilos cobre de fios e cabos el\u00e9tricos foram apreendidos. A Pol\u00edcia Civil, por interm\u00e9dio da Delegacia de Pol\u00edcia de Ouro Verde, prendeu nesta ter\u00e7a-feira (20), duas pessoas, durante trabalho investigativo que apurava ocorr\u00eancia de furto [&hellip;]<\/p>\n","protected":false},"author":1,"featured_media":51099,"comment_status":"closed","ping_status":"open","sticky":false,"template":"","format":"standard","meta":{"footnotes":""},"categories":[110,2],"tags":[],"class_list":["post-51096","post","type-post","status-publish","format-standard","has-post-thumbnail","hentry","category-noticiasdestaque","category-policial"],"_links":{"self":[{"href":"https:\/\/jorgezanoni.com.br\/2019\/wp-json\/wp\/v2\/posts\/51096","targetHints":{"allow":["GET"]}}],"collection":[{"href":"https:\/\/jorgezanoni.com.br\/2019\/wp-json\/wp\/v2\/posts"}],"about":[{"href":"https:\/\/jorgezanoni.com.br\/2019\/wp-json\/wp\/v2\/types\/post"}],"author":[{"embeddable":true,"href":"https:\/\/jorgezanoni.com.br\/2019\/wp-json\/wp\/v2\/users\/1"}],"replies":[{"embeddable":true,"href":"https:\/\/jorgezanoni.com.br\/2019\/wp-json\/wp\/v2\/comments?post=51096"}],"version-history":[{"count":0,"href":"https:\/\/jorgezanoni.com.br\/2019\/wp-json\/wp\/v2\/posts\/51096\/revisions"}],"wp:featuredmedia":[{"embeddable":true,"href":"https:\/\/jorgezanoni.com.br\/2019\/wp-json\/wp\/v2\/media\/51099"}],"wp:attachment":[{"href":"https:\/\/jorgezanoni.com.br\/2019\/wp-json\/wp\/v2\/media?parent=51096"}],"wp:term":[{"taxonomy":"category","embeddable":true,"href":"https:\/\/jorgezanoni.com.br\/2019\/wp-json\/wp\/v2\/categories?post=51096"},{"taxonomy":"post_tag","embeddable":true,"href":"https:\/\/jorgezanoni.com.br\/2019\/wp-json\/wp\/v2\/tags?post=51096"}],"curies":[{"name":"wp","href":"https:\/\/api.w.org\/{rel}","templated":true}]}}