{"id":51056,"date":"2021-07-21T01:30:27","date_gmt":"2021-07-21T01:30:27","guid":{"rendered":"https:\/\/jorgezanoni.com.br\/2019\/?p=51056"},"modified":"2021-07-21T01:30:27","modified_gmt":"2021-07-21T01:30:27","slug":"policia-militar-apreende-adolescente-por-porte-de-drogas-no-jardim-vera-cruz-em-dracena","status":"publish","type":"post","link":"https:\/\/jorgezanoni.com.br\/2019\/policia-militar-apreende-adolescente-por-porte-de-drogas-no-jardim-vera-cruz-em-dracena\/","title":{"rendered":"Pol\u00edcia Militar apreende adolescente por porte de Drogas no Jardim Vera Cruz em Dracena"},"content":{"rendered":"<p style=\"text-align: justify;\">POR VOLTA DAS 12:40 HORAS DESTA TER\u00c7A-FEIRA (20), A EQUIPE DA POL\u00cdCIA MILITAR REALIZAVA PATRULHAMENTO NAS PROXIMIDADES DO LOCAL CITADO E VISUALIZADO CINCO PESSOAS EM ATITUDE SUSPEITA QUE DEMONSTRARAM CERTO NERVOSSISMO\u00a0 E UM DELES ARREMESSOU NO CH\u00c3O UMA PEQUENA SACOLA E SENDO VERIFICADO E LOCALIZADO UMA POR\u00c7\u00c3O DE MACONHA E COM OS OUTROS INDIV\u00cdDUOS NADA DE IL\u00cdCITO ENCONTRADO. REALIZADO CONTATO COM A TIA DO ADOLESCENTE DE 17 ANOS E ELABORADO O BOPC DE PORTE DE DROGAS SENDO OUVIDOS E LIBERADOS.<\/p>\n<p>Fonte: Com. Social da Pol\u00edcia Militar<\/p>\n","protected":false},"excerpt":{"rendered":"<p>POR VOLTA DAS 12:40 HORAS DESTA TER\u00c7A-FEIRA (20), A EQUIPE DA POL\u00cdCIA MILITAR REALIZAVA PATRULHAMENTO NAS PROXIMIDADES DO LOCAL CITADO E VISUALIZADO CINCO PESSOAS EM ATITUDE SUSPEITA QUE DEMONSTRARAM CERTO NERVOSSISMO\u00a0 E UM DELES ARREMESSOU NO CH\u00c3O UMA PEQUENA SACOLA E SENDO VERIFICADO E LOCALIZADO UMA POR\u00c7\u00c3O DE MACONHA E COM OS OUTROS INDIV\u00cdDUOS NADA [&hellip;]<\/p>\n","protected":false},"author":1,"featured_media":51057,"comment_status":"closed","ping_status":"open","sticky":false,"template":"","format":"standard","meta":{"footnotes":""},"categories":[110,2],"tags":[],"class_list":["post-51056","post","type-post","status-publish","format-standard","has-post-thumbnail","hentry","category-noticiasdestaque","category-policial"],"_links":{"self":[{"href":"https:\/\/jorgezanoni.com.br\/2019\/wp-json\/wp\/v2\/posts\/51056","targetHints":{"allow":["GET"]}}],"collection":[{"href":"https:\/\/jorgezanoni.com.br\/2019\/wp-json\/wp\/v2\/posts"}],"about":[{"href":"https:\/\/jorgezanoni.com.br\/2019\/wp-json\/wp\/v2\/types\/post"}],"author":[{"embeddable":true,"href":"https:\/\/jorgezanoni.com.br\/2019\/wp-json\/wp\/v2\/users\/1"}],"replies":[{"embeddable":true,"href":"https:\/\/jorgezanoni.com.br\/2019\/wp-json\/wp\/v2\/comments?post=51056"}],"version-history":[{"count":0,"href":"https:\/\/jorgezanoni.com.br\/2019\/wp-json\/wp\/v2\/posts\/51056\/revisions"}],"wp:featuredmedia":[{"embeddable":true,"href":"https:\/\/jorgezanoni.com.br\/2019\/wp-json\/wp\/v2\/media\/51057"}],"wp:attachment":[{"href":"https:\/\/jorgezanoni.com.br\/2019\/wp-json\/wp\/v2\/media?parent=51056"}],"wp:term":[{"taxonomy":"category","embeddable":true,"href":"https:\/\/jorgezanoni.com.br\/2019\/wp-json\/wp\/v2\/categories?post=51056"},{"taxonomy":"post_tag","embeddable":true,"href":"https:\/\/jorgezanoni.com.br\/2019\/wp-json\/wp\/v2\/tags?post=51056"}],"curies":[{"name":"wp","href":"https:\/\/api.w.org\/{rel}","templated":true}]}}