{"id":51053,"date":"2021-07-21T01:03:54","date_gmt":"2021-07-21T01:03:54","guid":{"rendered":"https:\/\/jorgezanoni.com.br\/2019\/?p=51053"},"modified":"2021-07-21T01:05:38","modified_gmt":"2021-07-21T01:05:38","slug":"moradores-de-bairro-reclamam-de-presenca-constante-de-esrcorpioes","status":"publish","type":"post","link":"https:\/\/jorgezanoni.com.br\/2019\/moradores-de-bairro-reclamam-de-presenca-constante-de-esrcorpioes\/","title":{"rendered":"Moradores de Bairro reclamam de presen\u00e7a constante de Esrcorpi\u00f5es"},"content":{"rendered":"<p style=\"text-align: justify;\">Moradores do Jardim It\u00e1lia II est\u00e3o reclamando da presen\u00e7a constante de Escorpi\u00e3o naquele Bairro.<\/p>\n<p style=\"text-align: justify;\">Alegam que mesmo com as resid\u00eancias limpas, ao menos duas ou tres vezes por semana s\u00e3oa surpreendidos com a presen\u00e7a dos aracn\u00eddeos.<\/p>\n<p style=\"text-align: justify;\">Acreditam que a maior prolifera\u00e7\u00e3o est\u00e1 no Cemit\u00e9rio e \u00e9 de l\u00e1 que vem os invasores.<\/p>\n<p style=\"text-align: justify;\">Pedem provid\u00eancias para o setor competente da municipalidade para dar uma olhada pelo local.<\/p>\n<p style=\"text-align: justify;\">Jorge Zanoni<\/p>\n","protected":false},"excerpt":{"rendered":"<p>Moradores do Jardim It\u00e1lia II est\u00e3o reclamando da presen\u00e7a constante de Escorpi\u00e3o naquele Bairro. Alegam que mesmo com as resid\u00eancias limpas, ao menos duas ou tres vezes por semana s\u00e3oa surpreendidos com a presen\u00e7a dos aracn\u00eddeos. Acreditam que a maior prolifera\u00e7\u00e3o est\u00e1 no Cemit\u00e9rio e \u00e9 de l\u00e1 que vem os invasores. Pedem provid\u00eancias para [&hellip;]<\/p>\n","protected":false},"author":1,"featured_media":51055,"comment_status":"closed","ping_status":"open","sticky":false,"template":"","format":"standard","meta":{"footnotes":""},"categories":[179,184,176],"tags":[],"class_list":["post-51053","post","type-post","status-publish","format-standard","has-post-thumbnail","hentry","category-cidadeseregiao","category-dracena","category-meioambienteeagricultura"],"_links":{"self":[{"href":"https:\/\/jorgezanoni.com.br\/2019\/wp-json\/wp\/v2\/posts\/51053","targetHints":{"allow":["GET"]}}],"collection":[{"href":"https:\/\/jorgezanoni.com.br\/2019\/wp-json\/wp\/v2\/posts"}],"about":[{"href":"https:\/\/jorgezanoni.com.br\/2019\/wp-json\/wp\/v2\/types\/post"}],"author":[{"embeddable":true,"href":"https:\/\/jorgezanoni.com.br\/2019\/wp-json\/wp\/v2\/users\/1"}],"replies":[{"embeddable":true,"href":"https:\/\/jorgezanoni.com.br\/2019\/wp-json\/wp\/v2\/comments?post=51053"}],"version-history":[{"count":0,"href":"https:\/\/jorgezanoni.com.br\/2019\/wp-json\/wp\/v2\/posts\/51053\/revisions"}],"wp:featuredmedia":[{"embeddable":true,"href":"https:\/\/jorgezanoni.com.br\/2019\/wp-json\/wp\/v2\/media\/51055"}],"wp:attachment":[{"href":"https:\/\/jorgezanoni.com.br\/2019\/wp-json\/wp\/v2\/media?parent=51053"}],"wp:term":[{"taxonomy":"category","embeddable":true,"href":"https:\/\/jorgezanoni.com.br\/2019\/wp-json\/wp\/v2\/categories?post=51053"},{"taxonomy":"post_tag","embeddable":true,"href":"https:\/\/jorgezanoni.com.br\/2019\/wp-json\/wp\/v2\/tags?post=51053"}],"curies":[{"name":"wp","href":"https:\/\/api.w.org\/{rel}","templated":true}]}}