{"id":51050,"date":"2021-07-20T23:49:31","date_gmt":"2021-07-20T23:49:31","guid":{"rendered":"https:\/\/jorgezanoni.com.br\/2019\/?p=51050"},"modified":"2021-07-20T23:49:31","modified_gmt":"2021-07-20T23:49:31","slug":"prefeitos-de-dracena-e-junqueirolis-formalizam-pedido-junto-ao-der-para-pavimentacao-de-vicinal","status":"publish","type":"post","link":"https:\/\/jorgezanoni.com.br\/2019\/prefeitos-de-dracena-e-junqueirolis-formalizam-pedido-junto-ao-der-para-pavimentacao-de-vicinal\/","title":{"rendered":"Prefeitos de Dracena e Junqueir\u00f3lis formalizam pedido junto ao DER para pavimenta\u00e7\u00e3o de Vicinal"},"content":{"rendered":"<div class=\"kvgmc6g5 cxmmr5t8 oygrvhab hcukyx3x c1et5uql ii04i59q\">\n<div dir=\"auto\" style=\"text-align: justify;\">VICINAL MARIO COVAS &#8211; que liga Junqueir\u00f3polis e Dracena.<\/div>\n<div dir=\"auto\"><\/div>\n<div dir=\"auto\" style=\"text-align: justify;\">Os prefeitos de Dracena Andr\u00e9 Lemos e o de Junqueir\u00f3polis Osmar Pinatto, juntos com integrantes de suas equipes de governos est\u00e3o em S\u00e3o Paulo, cumprindo agenda no Departamento de Estradas e Rodagem \u2013 DER\/SP, onde protocolaram e entregaram aos representantes de an\u00e1lise de projetos Ademir Villatoro e Vitoria, o pedido para a execu\u00e7\u00e3o do projeto para a pavimenta\u00e7\u00e3o da vicinal \u201cMario Covas\u201d, de liga\u00e7\u00e3o entre Junqueir\u00f3polis e Dracena.<\/div>\n<div dir=\"auto\"><\/div>\n<div dir=\"auto\">Fonte: Diretoria de Comunica\u00e7\u00e3o<\/div>\n<\/div>\n","protected":false},"excerpt":{"rendered":"<p>VICINAL MARIO COVAS &#8211; que liga Junqueir\u00f3polis e Dracena. Os prefeitos de Dracena Andr\u00e9 Lemos e o de Junqueir\u00f3polis Osmar Pinatto, juntos com integrantes de suas equipes de governos est\u00e3o em S\u00e3o Paulo, cumprindo agenda no Departamento de Estradas e Rodagem \u2013 DER\/SP, onde protocolaram e entregaram aos representantes de an\u00e1lise de projetos Ademir Villatoro [&hellip;]<\/p>\n","protected":false},"author":1,"featured_media":51051,"comment_status":"closed","ping_status":"open","sticky":false,"template":"","format":"standard","meta":{"footnotes":""},"categories":[180,110],"tags":[],"class_list":["post-51050","post","type-post","status-publish","format-standard","has-post-thumbnail","hentry","category-estradastransitoveiculos","category-noticiasdestaque"],"_links":{"self":[{"href":"https:\/\/jorgezanoni.com.br\/2019\/wp-json\/wp\/v2\/posts\/51050","targetHints":{"allow":["GET"]}}],"collection":[{"href":"https:\/\/jorgezanoni.com.br\/2019\/wp-json\/wp\/v2\/posts"}],"about":[{"href":"https:\/\/jorgezanoni.com.br\/2019\/wp-json\/wp\/v2\/types\/post"}],"author":[{"embeddable":true,"href":"https:\/\/jorgezanoni.com.br\/2019\/wp-json\/wp\/v2\/users\/1"}],"replies":[{"embeddable":true,"href":"https:\/\/jorgezanoni.com.br\/2019\/wp-json\/wp\/v2\/comments?post=51050"}],"version-history":[{"count":0,"href":"https:\/\/jorgezanoni.com.br\/2019\/wp-json\/wp\/v2\/posts\/51050\/revisions"}],"wp:featuredmedia":[{"embeddable":true,"href":"https:\/\/jorgezanoni.com.br\/2019\/wp-json\/wp\/v2\/media\/51051"}],"wp:attachment":[{"href":"https:\/\/jorgezanoni.com.br\/2019\/wp-json\/wp\/v2\/media?parent=51050"}],"wp:term":[{"taxonomy":"category","embeddable":true,"href":"https:\/\/jorgezanoni.com.br\/2019\/wp-json\/wp\/v2\/categories?post=51050"},{"taxonomy":"post_tag","embeddable":true,"href":"https:\/\/jorgezanoni.com.br\/2019\/wp-json\/wp\/v2\/tags?post=51050"}],"curies":[{"name":"wp","href":"https:\/\/api.w.org\/{rel}","templated":true}]}}