{"id":51047,"date":"2021-07-20T23:22:14","date_gmt":"2021-07-20T23:22:14","guid":{"rendered":"https:\/\/jorgezanoni.com.br\/2019\/?p=51047"},"modified":"2021-07-20T23:22:14","modified_gmt":"2021-07-20T23:22:14","slug":"agencia-bancaria-permaneceu-fechada-em-dracena-nesta-terca-feira","status":"publish","type":"post","link":"https:\/\/jorgezanoni.com.br\/2019\/agencia-bancaria-permaneceu-fechada-em-dracena-nesta-terca-feira\/","title":{"rendered":"Ag\u00eancia banc\u00e1ria permaneceu fechada em Dracena nesta ter\u00e7a-feira"},"content":{"rendered":"<p style=\"text-align: justify;\">A Ag\u00eancia do Banco Ita\u00fa em Dracena, permaneceu por todo o dia de hoje (20), fechada para atendimento presencial. Somente os caixas eletr\u00f4nicos funcionaram.<\/p>\n<p style=\"text-align: justify;\">Na semana passada tamb\u00e9m esteve fechado um dia para dedetiza\u00e7\u00e3o.<\/p>\n<p style=\"text-align: justify;\">A Reclama\u00e7\u00e3o dos clientes e quem precisa fazer uso do banco \u00e9 que nenhum comunicado \u00e9 feito coma anteced\u00eancia e nenhum \u00f3rg\u00e3o de imprensa da cidade divulga por n\u00e3o ter a informa\u00e7\u00e3o.<\/p>\n<p>Coment\u00e1rios de diversas pessoas \u00e9 que \u00e0s 7 Hs. j\u00e1 tinha gente na fila se deparando apenas com um aviso na porta do estabelecimento. Os mais prejudicados s\u00e3o os idosos.<\/p>\n<p>Seria interessante que os respons\u00e1veis\u00a0 dessem uma satisfa\u00e7\u00e3o aos clientes e avisassem com anteced\u00eancia para que ningu\u00e9m &#8220;perdesse a viagem&#8221;.<\/p>\n<p>Jorge Zanoni<\/p>\n","protected":false},"excerpt":{"rendered":"<p>A Ag\u00eancia do Banco Ita\u00fa em Dracena, permaneceu por todo o dia de hoje (20), fechada para atendimento presencial. Somente os caixas eletr\u00f4nicos funcionaram. Na semana passada tamb\u00e9m esteve fechado um dia para dedetiza\u00e7\u00e3o. A Reclama\u00e7\u00e3o dos clientes e quem precisa fazer uso do banco \u00e9 que nenhum comunicado \u00e9 feito coma anteced\u00eancia e nenhum [&hellip;]<\/p>\n","protected":false},"author":1,"featured_media":51048,"comment_status":"closed","ping_status":"open","sticky":false,"template":"","format":"standard","meta":{"footnotes":""},"categories":[110,116],"tags":[],"class_list":["post-51047","post","type-post","status-publish","format-standard","has-post-thumbnail","hentry","category-noticiasdestaque","category-politicaeeconomia"],"_links":{"self":[{"href":"https:\/\/jorgezanoni.com.br\/2019\/wp-json\/wp\/v2\/posts\/51047","targetHints":{"allow":["GET"]}}],"collection":[{"href":"https:\/\/jorgezanoni.com.br\/2019\/wp-json\/wp\/v2\/posts"}],"about":[{"href":"https:\/\/jorgezanoni.com.br\/2019\/wp-json\/wp\/v2\/types\/post"}],"author":[{"embeddable":true,"href":"https:\/\/jorgezanoni.com.br\/2019\/wp-json\/wp\/v2\/users\/1"}],"replies":[{"embeddable":true,"href":"https:\/\/jorgezanoni.com.br\/2019\/wp-json\/wp\/v2\/comments?post=51047"}],"version-history":[{"count":0,"href":"https:\/\/jorgezanoni.com.br\/2019\/wp-json\/wp\/v2\/posts\/51047\/revisions"}],"wp:featuredmedia":[{"embeddable":true,"href":"https:\/\/jorgezanoni.com.br\/2019\/wp-json\/wp\/v2\/media\/51048"}],"wp:attachment":[{"href":"https:\/\/jorgezanoni.com.br\/2019\/wp-json\/wp\/v2\/media?parent=51047"}],"wp:term":[{"taxonomy":"category","embeddable":true,"href":"https:\/\/jorgezanoni.com.br\/2019\/wp-json\/wp\/v2\/categories?post=51047"},{"taxonomy":"post_tag","embeddable":true,"href":"https:\/\/jorgezanoni.com.br\/2019\/wp-json\/wp\/v2\/tags?post=51047"}],"curies":[{"name":"wp","href":"https:\/\/api.w.org\/{rel}","templated":true}]}}