{"id":51042,"date":"2021-07-20T15:40:43","date_gmt":"2021-07-20T15:40:43","guid":{"rendered":"https:\/\/jorgezanoni.com.br\/2019\/?p=51042"},"modified":"2021-07-20T15:40:43","modified_gmt":"2021-07-20T15:40:43","slug":"emdaep-realiza-vistoria-do-poco-do-residencial-sao-paulo","status":"publish","type":"post","link":"https:\/\/jorgezanoni.com.br\/2019\/emdaep-realiza-vistoria-do-poco-do-residencial-sao-paulo\/","title":{"rendered":"EMDAEP\u00a0realiza\u00a0vistoria\u00a0do\u00a0po\u00e7o\u00a0do\u00a0Residencial\u00a0S\u00e3o\u00a0Paulo"},"content":{"rendered":"<p style=\"text-align: justify;\">A equipe da EMDAEP iniciou o processo de vistoria do sistema de produ\u00e7\u00e3o e abastecimento de \u00e1gua do Residencial S\u00e3o Paulo. O local conta com po\u00e7o para produ\u00e7\u00e3o de 80 mil litros de \u00e1gua por hora. O reservat\u00f3rio tem capacidade para 392 mil litros e h\u00e1 toda a rede de distribui\u00e7\u00e3o instalada.<br \/>\nO vice-prefeito Guido Francisco Baggio, presidente da empresa municipal, participou da vistoria para futura libera\u00e7\u00e3o do novo bairro. H\u00e1 necessidade de analisar a \u00e1gua, com per\u00edodo de limpeza do po\u00e7o e do reservat\u00f3rio.<br \/>\nEm breve, a \u00e1gua do novo po\u00e7o vai abastecer o Residencial S\u00e3o Paulo (em fase de libera\u00e7\u00e3o para a constru\u00e7\u00e3o de moradias), Bairro Tonico Andr\u00e9, Distrito Industrial, ch\u00e1caras e outros bairros da cidade. A EMDAEP vai incorporar o po\u00e7o e o reservat\u00f3rio \u00e0 estrutura do munic\u00edpio.<\/p>\n<p style=\"text-align: justify;\"><img loading=\"lazy\" decoding=\"async\" class=\"alignnone size-full wp-image-51045\" src=\"https:\/\/jorgezanoni.com.br\/2019\/wp-content\/uploads\/2021\/07\/sp2.jpg\" alt=\"\" width=\"768\" height=\"786\" srcset=\"https:\/\/jorgezanoni.com.br\/2019\/wp-content\/uploads\/2021\/07\/sp2.jpg 768w, https:\/\/jorgezanoni.com.br\/2019\/wp-content\/uploads\/2021\/07\/sp2-293x300.jpg 293w, https:\/\/jorgezanoni.com.br\/2019\/wp-content\/uploads\/2021\/07\/sp2-356x364.jpg 356w, https:\/\/jorgezanoni.com.br\/2019\/wp-content\/uploads\/2021\/07\/sp2-696x712.jpg 696w, https:\/\/jorgezanoni.com.br\/2019\/wp-content\/uploads\/2021\/07\/sp2-410x420.jpg 410w\" sizes=\"auto, (max-width: 768px) 100vw, 768px\" \/><img loading=\"lazy\" decoding=\"async\" class=\"alignnone size-full wp-image-51044\" src=\"https:\/\/jorgezanoni.com.br\/2019\/wp-content\/uploads\/2021\/07\/sp1.jpg\" alt=\"\" width=\"1024\" height=\"734\" srcset=\"https:\/\/jorgezanoni.com.br\/2019\/wp-content\/uploads\/2021\/07\/sp1.jpg 1024w, https:\/\/jorgezanoni.com.br\/2019\/wp-content\/uploads\/2021\/07\/sp1-300x215.jpg 300w, https:\/\/jorgezanoni.com.br\/2019\/wp-content\/uploads\/2021\/07\/sp1-768x551.jpg 768w, https:\/\/jorgezanoni.com.br\/2019\/wp-content\/uploads\/2021\/07\/sp1-696x499.jpg 696w, https:\/\/jorgezanoni.com.br\/2019\/wp-content\/uploads\/2021\/07\/sp1-586x420.jpg 586w\" sizes=\"auto, (max-width: 1024px) 100vw, 1024px\" \/><\/p>\n<p>Ass.\u00a0Rela\u00e7\u00f5es\u00a0P\u00fablicas\u00a0da\u00a0EMDAEP<\/p>\n","protected":false},"excerpt":{"rendered":"<p>A equipe da EMDAEP iniciou o processo de vistoria do sistema de produ\u00e7\u00e3o e abastecimento de \u00e1gua do Residencial S\u00e3o Paulo. O local conta com po\u00e7o para produ\u00e7\u00e3o de 80 mil litros de \u00e1gua por hora. O reservat\u00f3rio tem capacidade para 392 mil litros e h\u00e1 toda a rede de distribui\u00e7\u00e3o instalada. O vice-prefeito Guido [&hellip;]<\/p>\n","protected":false},"author":1,"featured_media":51043,"comment_status":"closed","ping_status":"open","sticky":false,"template":"","format":"standard","meta":{"footnotes":""},"categories":[179,184,110],"tags":[],"class_list":["post-51042","post","type-post","status-publish","format-standard","has-post-thumbnail","hentry","category-cidadeseregiao","category-dracena","category-noticiasdestaque"],"_links":{"self":[{"href":"https:\/\/jorgezanoni.com.br\/2019\/wp-json\/wp\/v2\/posts\/51042","targetHints":{"allow":["GET"]}}],"collection":[{"href":"https:\/\/jorgezanoni.com.br\/2019\/wp-json\/wp\/v2\/posts"}],"about":[{"href":"https:\/\/jorgezanoni.com.br\/2019\/wp-json\/wp\/v2\/types\/post"}],"author":[{"embeddable":true,"href":"https:\/\/jorgezanoni.com.br\/2019\/wp-json\/wp\/v2\/users\/1"}],"replies":[{"embeddable":true,"href":"https:\/\/jorgezanoni.com.br\/2019\/wp-json\/wp\/v2\/comments?post=51042"}],"version-history":[{"count":0,"href":"https:\/\/jorgezanoni.com.br\/2019\/wp-json\/wp\/v2\/posts\/51042\/revisions"}],"wp:featuredmedia":[{"embeddable":true,"href":"https:\/\/jorgezanoni.com.br\/2019\/wp-json\/wp\/v2\/media\/51043"}],"wp:attachment":[{"href":"https:\/\/jorgezanoni.com.br\/2019\/wp-json\/wp\/v2\/media?parent=51042"}],"wp:term":[{"taxonomy":"category","embeddable":true,"href":"https:\/\/jorgezanoni.com.br\/2019\/wp-json\/wp\/v2\/categories?post=51042"},{"taxonomy":"post_tag","embeddable":true,"href":"https:\/\/jorgezanoni.com.br\/2019\/wp-json\/wp\/v2\/tags?post=51042"}],"curies":[{"name":"wp","href":"https:\/\/api.w.org\/{rel}","templated":true}]}}