{"id":51003,"date":"2021-07-19T22:59:39","date_gmt":"2021-07-19T22:59:39","guid":{"rendered":"https:\/\/jorgezanoni.com.br\/2019\/?p=51003"},"modified":"2021-07-19T22:59:39","modified_gmt":"2021-07-19T22:59:39","slug":"vacina-covid-19-nesta-terca-feira-para-a-faixa-etaria-de-30-anos","status":"publish","type":"post","link":"https:\/\/jorgezanoni.com.br\/2019\/vacina-covid-19-nesta-terca-feira-para-a-faixa-etaria-de-30-anos\/","title":{"rendered":"VACINA COVID 19: Nesta ter\u00e7a-feira para a faixa et\u00e1ria de 30 anos"},"content":{"rendered":"<p style=\"text-align: justify;\">A Sa\u00fade municipal abre nesta ter\u00e7a-feira, 20\/07, a campanha da vacina covid 19 para o p\u00fablico da faixa et\u00e1ria 30 anos. Lembramos que pessoas que est\u00e3o com a segunda dose agendada devem seguir a data estabelecida no cart\u00e3o vacinal. O esquema de imuniza\u00e7\u00e3o s\u00f3 estar\u00e1 completo com as duas doses da vacina.<br \/>\nNesta segunda-feira, 19, foram vacinadas 801 pessoas, entre primeira e segunda dose.<br \/>\nTamb\u00e9m ressaltamos que est\u00e1 ocorrendo a campanha Vacina contra a Fome, para ajudar pessoas que necessitam de alimentos, \u00e0queles que puderem colaborar os produtos ser\u00e3o encaminhados \u00e0 Secretaria de Assist\u00eancia Social, para depois ser distribu\u00eddos a quem precisa.<\/p>\n<p><strong>SERVI\u00c7O:<\/strong><br \/>\nPostos de vacina\u00e7\u00e3o: CEP-UME das 8h \u00e0s 13h e Escola Jo\u00e3o Vendramini das 8h \u00e0s 12h.<br \/>\nLevar RG, CPF e comprovante de resid\u00eancia. Em caso de segunda dose levar documentos, n\u00e3o precisa do comprovante.<\/p>\n<p style=\"text-align: justify;\">Fonte: Diretoria de Comunica\u00e7\u00e3o<\/p>\n","protected":false},"excerpt":{"rendered":"<p>A Sa\u00fade municipal abre nesta ter\u00e7a-feira, 20\/07, a campanha da vacina covid 19 para o p\u00fablico da faixa et\u00e1ria 30 anos. Lembramos que pessoas que est\u00e3o com a segunda dose agendada devem seguir a data estabelecida no cart\u00e3o vacinal. O esquema de imuniza\u00e7\u00e3o s\u00f3 estar\u00e1 completo com as duas doses da vacina. Nesta segunda-feira, 19, [&hellip;]<\/p>\n","protected":false},"author":1,"featured_media":51004,"comment_status":"closed","ping_status":"open","sticky":false,"template":"","format":"standard","meta":{"footnotes":""},"categories":[179,184,110],"tags":[],"class_list":["post-51003","post","type-post","status-publish","format-standard","has-post-thumbnail","hentry","category-cidadeseregiao","category-dracena","category-noticiasdestaque"],"_links":{"self":[{"href":"https:\/\/jorgezanoni.com.br\/2019\/wp-json\/wp\/v2\/posts\/51003","targetHints":{"allow":["GET"]}}],"collection":[{"href":"https:\/\/jorgezanoni.com.br\/2019\/wp-json\/wp\/v2\/posts"}],"about":[{"href":"https:\/\/jorgezanoni.com.br\/2019\/wp-json\/wp\/v2\/types\/post"}],"author":[{"embeddable":true,"href":"https:\/\/jorgezanoni.com.br\/2019\/wp-json\/wp\/v2\/users\/1"}],"replies":[{"embeddable":true,"href":"https:\/\/jorgezanoni.com.br\/2019\/wp-json\/wp\/v2\/comments?post=51003"}],"version-history":[{"count":0,"href":"https:\/\/jorgezanoni.com.br\/2019\/wp-json\/wp\/v2\/posts\/51003\/revisions"}],"wp:featuredmedia":[{"embeddable":true,"href":"https:\/\/jorgezanoni.com.br\/2019\/wp-json\/wp\/v2\/media\/51004"}],"wp:attachment":[{"href":"https:\/\/jorgezanoni.com.br\/2019\/wp-json\/wp\/v2\/media?parent=51003"}],"wp:term":[{"taxonomy":"category","embeddable":true,"href":"https:\/\/jorgezanoni.com.br\/2019\/wp-json\/wp\/v2\/categories?post=51003"},{"taxonomy":"post_tag","embeddable":true,"href":"https:\/\/jorgezanoni.com.br\/2019\/wp-json\/wp\/v2\/tags?post=51003"}],"curies":[{"name":"wp","href":"https:\/\/api.w.org\/{rel}","templated":true}]}}