{"id":50997,"date":"2021-07-19T22:28:43","date_gmt":"2021-07-19T22:28:43","guid":{"rendered":"https:\/\/jorgezanoni.com.br\/2019\/?p=50997"},"modified":"2021-07-19T22:32:44","modified_gmt":"2021-07-19T22:32:44","slug":"policia-civil-prende-homem-e-apreende-seis-armas-de-fogo-e-varias-municoes-em-dracena","status":"publish","type":"post","link":"https:\/\/jorgezanoni.com.br\/2019\/policia-civil-prende-homem-e-apreende-seis-armas-de-fogo-e-varias-municoes-em-dracena\/","title":{"rendered":"Pol\u00edcia Civil prende homem e apreende seis armas de fogo e v\u00e1rias muni\u00e7\u00f5es em Dracena"},"content":{"rendered":"<p style=\"text-align: justify;\">Na a\u00e7\u00e3o policial foram encontradas uma carabina, duas espingardas, uma pistola, dois rev\u00f3lveres e v\u00e1rios cartuchos de muni\u00e7\u00e3o de calibres diversos. O suspeito foi preso por posse irregular de arma de fogo de uso permitido.<\/p>\n<p style=\"text-align: justify;\">A Pol\u00edcia Civil, por interm\u00e9dio das Unidades Agrupadas 1\u00ba e 2\u00ba DP, prendeu nesta segunda-feira (19), um homem, de 35 anos, na resid\u00eancia do suspeito foram localizadas seis armas de fogo e v\u00e1rios cartuchos de muni\u00e7\u00e3o de calibres diversos. A\u00e7\u00e3o policial contou ainda com apoio operacional de agentes das Unidades Especializadas &#8211; DIG\/DISE.<\/p>\n<p style=\"text-align: justify;\">A pris\u00e3o ocorreu durante o cumprimento de um mandado busca e apreens\u00e3o domiciliar, expedido pelo Pode Judici\u00e1rio, relacionado a trabalho desenvolvido pelo setor investiga\u00e7\u00e3o das Unidades Agrupadas 1\u00ba e 2\u00ba DP, no qual era apurado a pr\u00e1tica de crime de amea\u00e7a com uso de arma de fogo.<\/p>\n<p style=\"text-align: justify;\">De posse da emanada ordem judicial, os agentes das Unidades Agrupadas e das Unidades, estiveram na resid\u00eancia do suspeito, e ap\u00f3s cientifica-lo do teor do mandado, foi iniciada a busca. O morador confirmou que possu\u00eda armas de fogo e que todo arsenal era heran\u00e7a de seu falecido pai.<\/p>\n<p style=\"text-align: justify;\">Todo material foi apreendido e encaminhado ao Institu\u00eddo de Criminal\u00edstica para exame pericial. O homem conduzido \u00e0 delegacia, onde foi ratificada a pris\u00e3o em flagrante por posse irregular de arma de fogo de uso permitido, em raz\u00e3o do tipo penal do crime ser afian\u00e7ado, foi atribu\u00eddo o valor de R$ 2.000,00, a qual foi prontamente recolhida, sendo em seguida expedido o alvar\u00e1 de soltura, para que o acusado possa responder o delito em liberdade.<\/p>\n<p style=\"text-align: justify;\">A popula\u00e7\u00e3o pode contribuir com informa\u00e7\u00f5es sobre ocorr\u00eancia de crimes, por meio do Disque-Den\u00fancia, o 181, e ou pelo fone (18) 3842 3838, das Unidades Agrupadas 1\u00ba e 2\u00ba DP. O sigilo e o anonimato s\u00e3o garantidos.<\/p>\n<p style=\"text-align: justify;\">Fonte: Com. Social da Pol\u00edcia Civil<\/p>\n","protected":false},"excerpt":{"rendered":"<p>Na a\u00e7\u00e3o policial foram encontradas uma carabina, duas espingardas, uma pistola, dois rev\u00f3lveres e v\u00e1rios cartuchos de muni\u00e7\u00e3o de calibres diversos. O suspeito foi preso por posse irregular de arma de fogo de uso permitido. A Pol\u00edcia Civil, por interm\u00e9dio das Unidades Agrupadas 1\u00ba e 2\u00ba DP, prendeu nesta segunda-feira (19), um homem, de 35 [&hellip;]<\/p>\n","protected":false},"author":1,"featured_media":50998,"comment_status":"closed","ping_status":"open","sticky":false,"template":"","format":"standard","meta":{"footnotes":""},"categories":[110,2],"tags":[],"class_list":["post-50997","post","type-post","status-publish","format-standard","has-post-thumbnail","hentry","category-noticiasdestaque","category-policial"],"_links":{"self":[{"href":"https:\/\/jorgezanoni.com.br\/2019\/wp-json\/wp\/v2\/posts\/50997","targetHints":{"allow":["GET"]}}],"collection":[{"href":"https:\/\/jorgezanoni.com.br\/2019\/wp-json\/wp\/v2\/posts"}],"about":[{"href":"https:\/\/jorgezanoni.com.br\/2019\/wp-json\/wp\/v2\/types\/post"}],"author":[{"embeddable":true,"href":"https:\/\/jorgezanoni.com.br\/2019\/wp-json\/wp\/v2\/users\/1"}],"replies":[{"embeddable":true,"href":"https:\/\/jorgezanoni.com.br\/2019\/wp-json\/wp\/v2\/comments?post=50997"}],"version-history":[{"count":0,"href":"https:\/\/jorgezanoni.com.br\/2019\/wp-json\/wp\/v2\/posts\/50997\/revisions"}],"wp:featuredmedia":[{"embeddable":true,"href":"https:\/\/jorgezanoni.com.br\/2019\/wp-json\/wp\/v2\/media\/50998"}],"wp:attachment":[{"href":"https:\/\/jorgezanoni.com.br\/2019\/wp-json\/wp\/v2\/media?parent=50997"}],"wp:term":[{"taxonomy":"category","embeddable":true,"href":"https:\/\/jorgezanoni.com.br\/2019\/wp-json\/wp\/v2\/categories?post=50997"},{"taxonomy":"post_tag","embeddable":true,"href":"https:\/\/jorgezanoni.com.br\/2019\/wp-json\/wp\/v2\/tags?post=50997"}],"curies":[{"name":"wp","href":"https:\/\/api.w.org\/{rel}","templated":true}]}}