{"id":5098,"date":"2019-09-02T21:35:43","date_gmt":"2019-09-02T21:35:43","guid":{"rendered":"https:\/\/jorgezanoni.com.br\/2019\/?p=5098"},"modified":"2019-09-02T21:36:07","modified_gmt":"2019-09-02T21:36:07","slug":"santa-casa-de-dracena-realiza-primeira-cirurgia-bariatrica-com-medicos-de-dracena","status":"publish","type":"post","link":"https:\/\/jorgezanoni.com.br\/2019\/santa-casa-de-dracena-realiza-primeira-cirurgia-bariatrica-com-medicos-de-dracena\/","title":{"rendered":"Santa Casa realiza primeira Cirurgia Bari\u00e1trica com m\u00e9dicos de Dracena"},"content":{"rendered":"<p><strong>Na manh\u00e3 deste s\u00e1bado (31\/08\/2019) foi realizada a primeira <\/strong><strong>cirurgia bari\u00e1trica &#8211; gastroplastia na SANTA CASA DE DRACENA.<\/strong><\/p>\n<p style=\"text-align: justify;\">A interven\u00e7\u00e3o cir\u00fargica por Videolaparoscopia foi protagonizada pelos m\u00e9dicos cirurgi\u00f5es especialistas doutor Jos\u00e9 Roberto Teixeira J\u00fanior, doutor Jo\u00e3o Paulo Senerini com a participa\u00e7\u00e3o\u00a0 doutor M\u00e1rio Flamini J\u00fanior, com sucesso.<\/p>\n<p style=\"text-align: justify;\">Importa igualmente citar os relevantes of\u00edcios do m\u00e9dico anestesista doutor Paulo Celso Osaki que fez parte do ato com a compet\u00eancia que lhe \u00e9 peculiar. Presente tamb\u00e9m a instrumentadora Jaqueline Charalli.<\/p>\n<p style=\"text-align: justify;\">Portanto, a soma de esfor\u00e7os de diversos atores, cada qual a seu modo contribuiu para o sucesso do procedimento.<\/p>\n<p style=\"text-align: justify;\">Gastroplastia, tamb\u00e9m chamada de cirurgia bari\u00e1trica e metab\u00f3lica, cirurgia da obesidade ou ainda de cirurgia de redu\u00e7\u00e3o do est\u00f4mago, \u00e9, literalmente, a pl\u00e1stica do est\u00f4mago (gastro = est\u00f4mago, plastia = pl\u00e1stica) que tem como o objetivo reduzir o peso de pessoas com o IMC muito elevado, e tamb\u00e9m o controle das comorbidades associadas, como diabetes tipo 2, hipertens\u00e3o arterial, dislipidemia (colesterol e triglic\u00e9rides elevados), apn\u00e9ia do sono, dificuldade de locomo\u00e7\u00e3o, depress\u00e3o, entre outras. O objetivo principal do tratamento cir\u00fargico para obesidade, \u00e9 de restabelecer a sa\u00fade do paciente, retorno \u00e0s atividades n\u00e3o sendo apenas um procedimento est\u00e9tico.<\/p>\n<p style=\"text-align: justify;\">Trata-se de momento hist\u00f3rico para a Santa Casa de Dracena, Corpo M\u00e9dico, dos colaboradores e para popula\u00e7\u00e3o. Para demonstrar contentamento e satisfa\u00e7\u00e3o, o provedor senhor Altamir Alves dos Santos, em nome da Santa Casa, cumprimenta todos os atores envolvidos na inaugura\u00e7\u00e3o desta nova especialidade.<\/p>\n<p style=\"text-align: justify;\">A grande preocupa\u00e7\u00e3o da Administra\u00e7\u00e3o, do Corpo M\u00e9dico, dos t\u00e9cnicos envolvidos, do Corpo de Enfermagem, enfim, de todos os colaboradores, sempre foi o da inova\u00e7\u00e3o, na busca incessante de trazer para dentro da Santa Casa de Dracena as novas t\u00e9cnicas e a renova\u00e7\u00e3o do complexo hospitalar, quando a alguns dias atr\u00e1s ficou disponibilizado o ambulat\u00f3rio de oncologia, vendo a renova\u00e7\u00e3o do banco de sangue e da hemodi\u00e1lise, sem d\u00favida alguma a realiza\u00e7\u00e3o de cirurgia bari\u00e1trica \u00e9 uma conquista que merece comemora\u00e7\u00e3o.<\/p>\n<p>Fonte: Assessoria Santa Casa<\/p>\n","protected":false},"excerpt":{"rendered":"<p>Na manh\u00e3 deste s\u00e1bado (31\/08\/2019) foi realizada a primeira cirurgia bari\u00e1trica &#8211; gastroplastia na SANTA CASA DE DRACENA. A interven\u00e7\u00e3o cir\u00fargica por Videolaparoscopia foi protagonizada pelos m\u00e9dicos cirurgi\u00f5es especialistas doutor Jos\u00e9 Roberto Teixeira J\u00fanior, doutor Jo\u00e3o Paulo Senerini com a participa\u00e7\u00e3o\u00a0 doutor M\u00e1rio Flamini J\u00fanior, com sucesso. Importa igualmente citar os relevantes of\u00edcios do m\u00e9dico [&hellip;]<\/p>\n","protected":false},"author":1,"featured_media":5100,"comment_status":"closed","ping_status":"open","sticky":false,"template":"","format":"standard","meta":{"footnotes":""},"categories":[110,122],"tags":[],"class_list":["post-5098","post","type-post","status-publish","format-standard","has-post-thumbnail","hentry","category-noticiasdestaque","category-saudeeducacaoeconcurso"],"_links":{"self":[{"href":"https:\/\/jorgezanoni.com.br\/2019\/wp-json\/wp\/v2\/posts\/5098","targetHints":{"allow":["GET"]}}],"collection":[{"href":"https:\/\/jorgezanoni.com.br\/2019\/wp-json\/wp\/v2\/posts"}],"about":[{"href":"https:\/\/jorgezanoni.com.br\/2019\/wp-json\/wp\/v2\/types\/post"}],"author":[{"embeddable":true,"href":"https:\/\/jorgezanoni.com.br\/2019\/wp-json\/wp\/v2\/users\/1"}],"replies":[{"embeddable":true,"href":"https:\/\/jorgezanoni.com.br\/2019\/wp-json\/wp\/v2\/comments?post=5098"}],"version-history":[{"count":0,"href":"https:\/\/jorgezanoni.com.br\/2019\/wp-json\/wp\/v2\/posts\/5098\/revisions"}],"wp:featuredmedia":[{"embeddable":true,"href":"https:\/\/jorgezanoni.com.br\/2019\/wp-json\/wp\/v2\/media\/5100"}],"wp:attachment":[{"href":"https:\/\/jorgezanoni.com.br\/2019\/wp-json\/wp\/v2\/media?parent=5098"}],"wp:term":[{"taxonomy":"category","embeddable":true,"href":"https:\/\/jorgezanoni.com.br\/2019\/wp-json\/wp\/v2\/categories?post=5098"},{"taxonomy":"post_tag","embeddable":true,"href":"https:\/\/jorgezanoni.com.br\/2019\/wp-json\/wp\/v2\/tags?post=5098"}],"curies":[{"name":"wp","href":"https:\/\/api.w.org\/{rel}","templated":true}]}}