{"id":50963,"date":"2021-07-19T01:16:03","date_gmt":"2021-07-19T01:16:03","guid":{"rendered":"https:\/\/jorgezanoni.com.br\/2019\/?p=50963"},"modified":"2021-07-19T01:20:58","modified_gmt":"2021-07-19T01:20:58","slug":"queda-de-onibus-em-ribanceira-deixa-3-mortos-e-37-feridos-na-washington-luis-em-rio-claro","status":"publish","type":"post","link":"https:\/\/jorgezanoni.com.br\/2019\/queda-de-onibus-em-ribanceira-deixa-3-mortos-e-37-feridos-na-washington-luis-em-rio-claro\/","title":{"rendered":"Queda de \u00f4nibus em ribanceira deixa 3 mortos e 37 feridos na Washington Lu\u00eds em Rio Claro"},"content":{"rendered":"<h2 class=\"content-head__subtitle\" style=\"text-align: justify;\"><strong>Ve\u00edculo saiu da pista e capotou na tarde deste domingo (18), segundo a Pol\u00edcia Rodovi\u00e1ria.<\/strong><\/h2>\n<div class=\"mc-column content-text active-extra-styles \" data-block-type=\"unstyled\" data-block-weight=\"32\" data-block-id=\"2\">\n<p class=\"content-text__container \" style=\"text-align: justify;\" data-track-category=\"Link no Texto\" data-track-links=\"\">A queda de um \u00f4nibus de turismo em uma ribanceira deixou<span class=\"highlight highlighted\">\u00a0tr\u00eas pessoas mortas e pelo menos 37 feridas\u00a0<\/span>na tarde deste domingo (18), na Rodovia Washington Lu\u00eds (SP-310), em\u00a0<a href=\"https:\/\/g1.globo.com\/sp\/sao-carlos-regiao\/cidade\/rio-claro-sp\/\">Rio Claro<\/a>.<\/p>\n<\/div>\n<div class=\"wall protected-content\">\n<div class=\"mc-column content-text active-extra-styles\" style=\"text-align: justify;\" data-block-type=\"raw\" data-block-weight=\"18\" data-block-id=\"3\">\n<ul class=\"content-unordered-list\">\n<li><a href=\"https:\/\/g1.globo.com\/sp\/sao-carlos-regiao\/noticia\/2021\/07\/18\/policia-rodoviaria-suspeita-de-falha-mecanica-em-onibus-que-caiu-em-ribanceira-pneus-e-veiculo-tinham-ma-conservacao.ghtml\">Pol\u00edcia Rodovi\u00e1ria suspeita de falha mec\u00e2nica em \u00f4nibus que caiu em ribanceira; pneus e ve\u00edculo tinham m\u00e1 conserva\u00e7\u00e3o<\/a><\/li>\n<\/ul>\n<\/div>\n<div class=\"mc-column content-text active-extra-styles \" data-block-type=\"unstyled\" data-block-weight=\"30\" data-block-id=\"4\">\n<p class=\"content-text__container \" style=\"text-align: justify;\" data-track-category=\"Link no Texto\" data-track-links=\"\"><em>(Atualiza\u00e7\u00e3o: Inicialmente a Pol\u00edcia Rodovi\u00e1ria informou que eram 25 feridos e 1 morto. O Corpo de Bombeiros atualizou o n\u00famero para 37 feridos e 3 mortos por volta de 16h50)<\/em><\/p>\n<div class=\"mc-column content-text active-extra-styles\" style=\"text-align: justify;\" data-block-type=\"raw\" data-block-weight=\"4\" data-block-id=\"6\">\n<div class=\"content-intertitle\">\n<h2>Ribanceira de 20 metros<\/h2>\n<\/div>\n<\/div>\n<div class=\"mc-column content-text active-extra-styles \" data-block-type=\"unstyled\" data-block-weight=\"33\" data-block-id=\"7\">\n<p class=\"content-text__container \" style=\"text-align: justify;\" data-track-category=\"Link no Texto\" data-track-links=\"\">Segundo a Pol\u00edcia Rodovi\u00e1ria, o acidente aconteceu por volta de 12h30, no km 184, sentido interior. O \u00f4nibus saiu de S\u00e3o Paulo com 40 passsageiros e ia para uma cidade no Cear\u00e1.<\/p>\n<p style=\"text-align: justify;\" data-track-category=\"Link no Texto\" data-track-links=\"\">Por motivos ainda desconhecidos, o \u00f4nibus\u00a0<span class=\"highlight highlighted\">saiu da rodovia para o canteiro lateral e capotou na ribanceira,<\/span>\u00a0que tem cerca de 20 metros em rela\u00e7\u00e3o ao n\u00edvel da pista.<\/p>\n<div class=\"mc-column content-text active-extra-styles \" style=\"text-align: justify;\" data-block-type=\"unstyled\" data-block-weight=\"16\" data-block-id=\"11\">\n<p class=\"content-text__container \" data-track-category=\"Link no Texto\" data-track-links=\"\"><span class=\"highlight highlighted\">Um homem e duas mulheres morreram no local.<\/span>\u00a0As identidades deles ainda n\u00e3o foram divulgadas.<\/p>\n<\/div>\n<div class=\"mc-column content-text active-extra-styles \" style=\"text-align: justify;\" data-block-type=\"unstyled\" data-block-weight=\"12\" data-block-id=\"12\">\n<p class=\"content-text__container \" data-track-category=\"Link no Texto\" data-track-links=\"\">Segundo a concession\u00e1ria Eixo, que administra o trecho, a pista est\u00e1 liberada.<\/p>\n<div class=\"mc-column content-text active-extra-styles \" data-block-type=\"unstyled\" data-block-weight=\"22\" data-block-id=\"14\">\n<p class=\"content-text__container \" data-track-category=\"Link no Texto\" data-track-links=\"\">O cortador de cana Lamar Ribeiro de Lima teve ferimentos leves e disse que salvou uma crian\u00e7a no momento do acidente.<\/p>\n<p class=\"content-text__container \" data-track-category=\"Link no Texto\" data-track-links=\"\"><span style=\"font-style: italic; text-align: center;\">\u201cFiquei segurando um menino pequeno at\u00e9 o \u00f4nibus parar de rolar. A m\u00e3e estava com os outros. Foi muito susto, o \u00f4nibus rolou cinco vezes\u201d, disse.<\/span><\/p>\n<\/div>\n<div class=\"mc-column content-text active-extra-styles \" data-block-type=\"unstyled\" data-block-weight=\"13\" data-block-id=\"17\">\n<p class=\"content-text__container \" data-track-category=\"Link no Texto\" data-track-links=\"\">O\u00a0<strong>G1\u00a0<\/strong>ainda n\u00e3o conseguiu informa\u00e7\u00f5es sobre o estado de sa\u00fade da crian\u00e7a.<\/p>\n<\/div>\n<div class=\"row medium-uncollapsed content-media content-photo\" data-block-type=\"backstage-photo\" data-block-id=\"18\">\n<div class=\"column medium-22 large-20 medium-centered content-media__container\">\n<div class=\"content-media-container glb-skeleton-box\">\n<figure class=\"content-media-figure\"><img decoding=\"async\" class=\"i-amphtml-fill-content i-amphtml-replaced-content\" src=\"https:\/\/s2.glbimg.com\/3wBiQ4rKFgL0qgCkmKKc3VUFgic=\/0x0:1280x720\/1008x0\/smart\/filters:strip_icc()\/i.s3.glbimg.com\/v1\/AUTH_59edd422c0c84a879bd37670ae4f538a\/internal_photos\/bs\/2021\/E\/K\/S8xmeBTU28J7IKet4BJQ\/acidente-onibus-rio-claro.jpeg\" srcset=\"\" alt=\"\u00d4nibus saiu da pista da Washington Lu\u00eds e caiu em ribanceira em Rio Claro \u2014 Foto: Pol\u00edcia Rodovi\u00e1ria\" \/><\/figure>\n<\/div>\n<p class=\"content-media__description \">\u00d4nibus saiu da pista da Washington Lu\u00eds e caiu em ribanceira em Rio Claro \u2014 Foto: Pol\u00edcia Rodovi\u00e1ria<\/p>\n<p class=\"content-media__description \"><span style=\"color: #111111; font-family: Roboto, sans-serif; font-size: 27px;\">Feridos foram para v\u00e1rios locais<\/span><\/p>\n<\/div>\n<\/div>\n<div class=\"mc-column content-text active-extra-styles \" data-block-type=\"unstyled\" data-block-weight=\"31\" data-block-id=\"20\">\n<p class=\"content-text__container \" data-track-category=\"Link no Texto\" data-track-links=\"\">Os feridos foram socorridos por ambul\u00e2ncias do Servi\u00e7o de Atendimento M\u00f3vel de Urg\u00eancia (Samu) e da concession\u00e1ria que administra o trecho para\u00a0<span class=\"highlight highlighted\">hospitais de Rio Claro, Ipe\u00fana e Santa Gertrudes.<\/span><\/p>\n<\/div>\n<div class=\"mc-column content-text active-extra-styles \" data-block-type=\"unstyled\" data-block-weight=\"13\" data-block-id=\"21\">\n<p class=\"content-text__container \" data-track-category=\"Link no Texto\" data-track-links=\"\">Segundo a Prefeitura de Rio Claro, 28 feridos foram atendidos nos seguintes locais:<\/p>\n<\/div>\n<div class=\"mc-column content-text active-extra-styles\" data-block-type=\"raw\" data-block-weight=\"84\" data-block-id=\"22\">\n<ul class=\"content-unordered-list\">\n<li>9 pessoas no Pronto-Atendimento do Cervez\u00e3o em Rio Claro. N\u00e3o h\u00e1 informa\u00e7\u00f5es sobre o estado de sa\u00fade<\/li>\n<li>2 pessoas na Unidade de Pronto-Atendimento do Bairro do Est\u00e1dio em Rio Claro. N\u00e3o h\u00e1 informa\u00e7\u00f5es sobre o estado de sa\u00fade.<\/li>\n<li>6 pessoas no Pronto-Socorro da Avenida 15 em Rio Claro.<\/li>\n<li>2 pessoas no hospital S\u00e3o Rafael em Rio Claro com ferimentos leves.<\/li>\n<li>6 pessoas no munic\u00edpio de Ipe\u00fana com ferimentos leves.<\/li>\n<li>3 pessoas no munic\u00edpio de Santa Gertrudes. N\u00e3o h\u00e1 informa\u00e7\u00f5es sobre o estado de sa\u00fade.<\/li>\n<\/ul>\n<\/div>\n<div class=\"mc-column content-text active-extra-styles \" data-block-type=\"unstyled\" data-block-weight=\"26\" data-block-id=\"23\">\n<p class=\"content-text__container \" data-track-category=\"Link no Texto\" data-track-links=\"\">Ainda n\u00e3o h\u00e1 informa\u00e7\u00f5es sobre o local de atendimento de outras 9 v\u00edtimas. Segundo o Corpo de Bombeiros, todos os socorridos estavam com ferimentos leves.<\/p>\n<\/div>\n<div class=\"mc-column content-text active-extra-styles \" data-block-type=\"unstyled\" data-block-weight=\"36\" data-block-id=\"24\">\n<p class=\"content-text__container \" data-track-category=\"Link no Texto\" data-track-links=\"\">A prefeitura levou os passageiros que n\u00e3o se feriram para a Casa de Passagem. A administra\u00e7\u00e3o municipal tamb\u00e9m informou que a empresa de \u00f4nibus ir\u00e1 providenciar um outro ve\u00edculo para buscar os passageiros em Rio Claro.<\/p>\n<\/div>\n<div class=\"content-ads content-ads--reveal\" data-block-type=\"ads\" data-block-id=\"25\">\n<div id=\"banner_materia__e798937a-734c-4cb4-b15e-ed2f465b493d\" class=\"tag-manager-publicidade-container mc-has-reveal mc-has-ad-lazyload tag-manager-publicidade-banner_materia__e798937a-734c-4cb4-b15e-ed2f465b493d tag-manager-publicidade-container--carregado tag-manager-publicidade-container--visivel\" data-id=\"banner_materia__e798937a-734c-4cb4-b15e-ed2f465b493d\" data-req=\"true\" data-google-query-id=\"CJXJj9757fECFdotuQYdl9gByQ\" data-cid=\"138317288588\" data-lid=\"5425021897\">\n<div id=\"google_ads_iframe_\/95377733\/tvg_G1\/Sua_Regiao&gt;Sudeste&gt;Sao_Paulo_(Sao_Carlos)_5__container__\" style=\"box-sizing: inherit; margin: auto; padding: 0px; border: 0pt none; font: inherit; vertical-align: initial; max-width: 100%; text-align: center; width: 970px; height: 250px;\"><img decoding=\"async\" class=\"i-amphtml-fill-content i-amphtml-replaced-content\" src=\"https:\/\/s2.glbimg.com\/KLzsqlq5ZUUTV23glGtt5fo0tKw=\/0x0:818x450\/1008x0\/smart\/filters:strip_icc()\/i.s3.glbimg.com\/v1\/AUTH_59edd422c0c84a879bd37670ae4f538a\/internal_photos\/bs\/2021\/b\/a\/PnR3bGQvOolOiH0nRVHA\/onibus-ribanceira-acidente-rio-claro.jpg\" srcset=\"\" alt=\"\u00d4nibus caiu de ribanceira na Washington Lu\u00eds em Rio Claro \u2014 Foto: Pol\u00edcia Rodovi\u00e1ria\/Divulga\u00e7\u00e3o\" \/><\/div>\n<div><\/div>\n<\/div>\n<\/div>\n<div><\/div>\n<div class=\"content-ads content-ads--reveal\" data-block-type=\"ads\" data-block-id=\"25\">\n<div id=\"banner_materia__e798937a-734c-4cb4-b15e-ed2f465b493d\" class=\"tag-manager-publicidade-container mc-has-reveal mc-has-ad-lazyload tag-manager-publicidade-banner_materia__e798937a-734c-4cb4-b15e-ed2f465b493d tag-manager-publicidade-container--carregado tag-manager-publicidade-container--visivel\" data-id=\"banner_materia__e798937a-734c-4cb4-b15e-ed2f465b493d\" data-req=\"true\" data-google-query-id=\"CJXJj9757fECFdotuQYdl9gByQ\" data-cid=\"138317288588\" data-lid=\"5425021897\">\n<div><\/div>\n<\/div>\n<div><\/div>\n<\/div>\n<\/div>\n<div style=\"text-align: justify;\"><\/div>\n<div class=\"mc-column content-text active-extra-styles \" data-block-type=\"unstyled\" data-block-weight=\"12\" data-block-id=\"12\">\n<div class=\"row medium-uncollapsed content-media content-photo\" style=\"text-align: justify;\" data-block-type=\"backstage-photo\" data-block-id=\"26\">\n<div class=\"column medium-22 large-20 medium-centered content-media__container\">\n<p class=\"content-media__description \">\u00d4nibus caiu de ribanceira na Washington Lu\u00eds em Rio Claro \u2014 Foto: Pol\u00edcia Rodovi\u00e1ria\/Divulga\u00e7\u00e3o<\/p>\n<\/div>\n<\/div>\n<div class=\"row medium-uncollapsed content-media content-photo\" style=\"text-align: justify;\" data-block-type=\"backstage-photo\" data-block-id=\"27\">\n<div class=\"column medium-22 large-20 medium-centered content-media__container\">\n<div class=\"content-media-container glb-skeleton-box\">\n<figure class=\"content-media-figure\"><img decoding=\"async\" class=\"i-amphtml-fill-content i-amphtml-replaced-content\" src=\"https:\/\/s2.glbimg.com\/AT8_Emm30MfUknowFmujdhhIbPM=\/0x0:1833x981\/1008x0\/smart\/filters:strip_icc()\/i.s3.glbimg.com\/v1\/AUTH_59edd422c0c84a879bd37670ae4f538a\/internal_photos\/bs\/2021\/B\/8\/H18YfxTWG0Rny04ymfUg\/acidente-onibus-rio-claro.jpg\" srcset=\"\" alt=\"Acidente com \u00f4nibus em Rio Claro deixou 37 feridos e 3 mortos na tarde de domingo \u2014 Foto: Vitor Diagonel\/EPTV\" \/><\/figure>\n<\/div>\n<p class=\"content-media__description \">Acidente com \u00f4nibus em Rio Claro deixou 37 feridos e 3 mortos na tarde de domingo \u2014 Foto: Vitor Diagonel\/EPTV<\/p>\n<\/div>\n<\/div>\n<div class=\"row medium-uncollapsed content-media content-photo\" style=\"text-align: justify;\" data-block-type=\"backstage-photo\" data-block-id=\"28\">\n<div class=\"column medium-22 large-20 medium-centered content-media__container\">\n<div class=\"content-media-container glb-skeleton-box\">\n<figure class=\"content-media-figure\"><img decoding=\"async\" class=\"i-amphtml-fill-content i-amphtml-replaced-content\" src=\"https:\/\/s2.glbimg.com\/F8vG7WWDp9h0t73kFxrPx7B9bBw=\/0x0:1842x990\/1008x0\/smart\/filters:strip_icc()\/i.s3.glbimg.com\/v1\/AUTH_59edd422c0c84a879bd37670ae4f538a\/internal_photos\/bs\/2021\/p\/N\/trCGbVS9Adea0L7TBhhg\/acidente-onibus-rio-claro4.jpg\" srcset=\"\" alt=\"\u00d4nibus \u00e9 desviarado ap\u00f3s acidente em Rio Claro \u2014 Foto: Vitor Diagonel\/EPTV\" \/><\/figure>\n<\/div>\n<p class=\"content-media__description \">\u00d4nibus \u00e9 desviarado ap\u00f3s acidente em Rio Claro \u2014 Foto: Vitor Diagonel\/EPTV<\/p>\n<\/div>\n<\/div>\n<div class=\"row medium-uncollapsed content-media content-photo\" data-block-type=\"backstage-photo\" data-block-id=\"30\">\n<div class=\"column medium-22 large-20 medium-centered content-media__container\">\n<div class=\"content-media-container glb-skeleton-box\" style=\"text-align: justify;\">\n<figure class=\"content-media-figure\"><img decoding=\"async\" class=\"i-amphtml-fill-content i-amphtml-replaced-content\" src=\"https:\/\/s2.glbimg.com\/KBriMnpOkCa-2Q8OFFFFP6m2n2c=\/0x0:1865x1080\/1008x0\/smart\/filters:strip_icc()\/i.s3.glbimg.com\/v1\/AUTH_59edd422c0c84a879bd37670ae4f538a\/internal_photos\/bs\/2021\/M\/s\/8oIw3sTbmiTZQb3488ww\/acidente-onibus-rio-claro3.jpg\" srcset=\"\" alt=\"Acidente com \u00f4nibus em Rio Claro aconteceu na Rodovia Washington Lu\u00eds \u2014 Foto: Vitor Diagonel\/EPTV\" \/><\/figure>\n<\/div>\n<p class=\"content-media__description \" style=\"text-align: justify;\">Acidente com \u00f4nibus em Rio Claro aconteceu na Rodovia Washington Lu\u00eds \u2014 Foto: Vitor Diagonel\/EPTV<\/p>\n<p style=\"text-align: justify;\">Fonte: https:\/\/g1.globo.com\/sp\/sao-carlos-regiao\/noticia\/2021\/07\/18\/queda-de-onibus-em-ribanceira-deixa-morto-e-feridos-na-rodovia-washington-luis-em-rio-claro.ghtml<\/p>\n<p>Comp. Jorge Zanoni<\/p>\n<\/div>\n<\/div>\n<\/div>\n<\/div>\n<\/div>\n<\/div>\n","protected":false},"excerpt":{"rendered":"<p>Ve\u00edculo saiu da pista e capotou na tarde deste domingo (18), segundo a Pol\u00edcia Rodovi\u00e1ria. A queda de um \u00f4nibus de turismo em uma ribanceira deixou\u00a0tr\u00eas pessoas mortas e pelo menos 37 feridas\u00a0na tarde deste domingo (18), na Rodovia Washington Lu\u00eds (SP-310), em\u00a0Rio Claro. Pol\u00edcia Rodovi\u00e1ria suspeita de falha mec\u00e2nica em \u00f4nibus que caiu em [&hellip;]<\/p>\n","protected":false},"author":1,"featured_media":50964,"comment_status":"closed","ping_status":"open","sticky":false,"template":"","format":"standard","meta":{"footnotes":""},"categories":[170,110],"tags":[],"class_list":["post-50963","post","type-post","status-publish","format-standard","has-post-thumbnail","hentry","category-acidentes","category-noticiasdestaque"],"_links":{"self":[{"href":"https:\/\/jorgezanoni.com.br\/2019\/wp-json\/wp\/v2\/posts\/50963","targetHints":{"allow":["GET"]}}],"collection":[{"href":"https:\/\/jorgezanoni.com.br\/2019\/wp-json\/wp\/v2\/posts"}],"about":[{"href":"https:\/\/jorgezanoni.com.br\/2019\/wp-json\/wp\/v2\/types\/post"}],"author":[{"embeddable":true,"href":"https:\/\/jorgezanoni.com.br\/2019\/wp-json\/wp\/v2\/users\/1"}],"replies":[{"embeddable":true,"href":"https:\/\/jorgezanoni.com.br\/2019\/wp-json\/wp\/v2\/comments?post=50963"}],"version-history":[{"count":0,"href":"https:\/\/jorgezanoni.com.br\/2019\/wp-json\/wp\/v2\/posts\/50963\/revisions"}],"wp:featuredmedia":[{"embeddable":true,"href":"https:\/\/jorgezanoni.com.br\/2019\/wp-json\/wp\/v2\/media\/50964"}],"wp:attachment":[{"href":"https:\/\/jorgezanoni.com.br\/2019\/wp-json\/wp\/v2\/media?parent=50963"}],"wp:term":[{"taxonomy":"category","embeddable":true,"href":"https:\/\/jorgezanoni.com.br\/2019\/wp-json\/wp\/v2\/categories?post=50963"},{"taxonomy":"post_tag","embeddable":true,"href":"https:\/\/jorgezanoni.com.br\/2019\/wp-json\/wp\/v2\/tags?post=50963"}],"curies":[{"name":"wp","href":"https:\/\/api.w.org\/{rel}","templated":true}]}}