{"id":50957,"date":"2021-07-19T00:32:30","date_gmt":"2021-07-19T00:32:30","guid":{"rendered":"https:\/\/jorgezanoni.com.br\/2019\/?p=50957"},"modified":"2021-07-19T01:46:23","modified_gmt":"2021-07-19T01:46:23","slug":"morre-a-vice-diretora-do-colegio-anglo-cid-de-dracena-tatiana-froio","status":"publish","type":"post","link":"https:\/\/jorgezanoni.com.br\/2019\/morre-a-vice-diretora-do-colegio-anglo-cid-de-dracena-tatiana-froio\/","title":{"rendered":"Morre a vice-diretora do Col\u00e9gio Anglo-CID de Dracena, Tatiana Froio"},"content":{"rendered":"<p style=\"text-align: justify;\"><strong>Tatiana estava internada em tratamento de Covid e segundo informa\u00e7\u00f5es j\u00e1 havia superado a doen\u00e7a, por\u00e9m teve complica\u00e7\u00f5es e n\u00e3o resistiu, vindo a \u00f3bito.<\/strong><\/p>\n<p><strong>Nota de falecimento de Tatiana Santana Pelisson Froio<\/strong><\/p>\n<p style=\"text-align: justify;\">Com profundo pesar, comunicamos o falecimento da professora Tatiana Santana Pelisson Froio, vice-diretora do Col\u00e9gio Anglo-CID, ocorrido hoje (18\/07) em Dracena. Deixa o marido Andr\u00e9 Marengo Froio e os filhos Lorrane Ulhiana (24), Rebeca (21), Andr\u00e9 (14) e Bettina (12).<br \/>\nA despedida ainda n\u00e3o foi definida.<\/p>\n<p style=\"text-align: justify;\">Tatiana Froio construiu uma carreira de muitas conquistas atuando, h\u00e1 mais de 10 anos, na Fundec. Professora de Ci\u00eancias e Matem\u00e1tica, Pedagoga, Psicopedagoga com especializa\u00e7\u00e3o em Educa\u00e7\u00e3o Especial, foi admitida em 01\/02\/2011 no cargo de professora do ensino fundamental do Col\u00e9gio Anglo-CID; em 02\/01\/2012, foi nomeada Coordenadora Pedag\u00f3gica, desenvolveu ainda atividades no EAD da Fundec e, em 04\/01\/2016, tornou-se Vice-diretora do col\u00e9gio.<\/p>\n<p style=\"text-align: justify;\">Muito querida por todos, deixa uma legi\u00e3o de amigos nesta Institui\u00e7\u00e3o e ser\u00e1 sempre lembrada com muito carinho.<\/p>\n<p style=\"text-align: justify;\">A Fundec, tomada pelo luto, respeitosamente informa que o Col\u00e9gio Anglo-CID ter\u00e1 suas atividades suspensas na segunda-feira (19\/07\/2021).<\/p>\n<p style=\"text-align: justify;\">Nossos sinceros sentimentos aos familiares e amigos.<\/p>\n<p><strong>Despedida da professora Tatiana Santana Pelisson Froio<\/strong><\/p>\n<p>O vel\u00f3rio da professora TATIANA SANTANA PELISSON FROIO ser\u00e1 realizado nesta segunda-feira (19\/07), a partir das 10h, na sala 4 do Memorial VidaPrev em Dracena (R. Carlos Gomes, 1.016, tel. (18) 99791-8450). O corpo seguir\u00e1 para o Cemit\u00e9rio Municipal de Tupi Paulista (Alameda da Saudade, 304), onde ser\u00e1 sepultado \u00e0s 16h.<\/p>\n<p>O Site JZ se solidariza com a fam\u00edlia Anglo-CID, familiares e amigos neste dif\u00edcil momento.<\/p>\n<p>Jorge Zanoni<\/p>\n","protected":false},"excerpt":{"rendered":"<p>Tatiana estava internada em tratamento de Covid e segundo informa\u00e7\u00f5es j\u00e1 havia superado a doen\u00e7a, por\u00e9m teve complica\u00e7\u00f5es e n\u00e3o resistiu, vindo a \u00f3bito. Nota de falecimento de Tatiana Santana Pelisson Froio Com profundo pesar, comunicamos o falecimento da professora Tatiana Santana Pelisson Froio, vice-diretora do Col\u00e9gio Anglo-CID, ocorrido hoje (18\/07) em Dracena. Deixa o [&hellip;]<\/p>\n","protected":false},"author":1,"featured_media":50958,"comment_status":"closed","ping_status":"open","sticky":false,"template":"","format":"standard","meta":{"footnotes":""},"categories":[178,110],"tags":[],"class_list":["post-50957","post","type-post","status-publish","format-standard","has-post-thumbnail","hentry","category-notadefalecimento","category-noticiasdestaque"],"_links":{"self":[{"href":"https:\/\/jorgezanoni.com.br\/2019\/wp-json\/wp\/v2\/posts\/50957","targetHints":{"allow":["GET"]}}],"collection":[{"href":"https:\/\/jorgezanoni.com.br\/2019\/wp-json\/wp\/v2\/posts"}],"about":[{"href":"https:\/\/jorgezanoni.com.br\/2019\/wp-json\/wp\/v2\/types\/post"}],"author":[{"embeddable":true,"href":"https:\/\/jorgezanoni.com.br\/2019\/wp-json\/wp\/v2\/users\/1"}],"replies":[{"embeddable":true,"href":"https:\/\/jorgezanoni.com.br\/2019\/wp-json\/wp\/v2\/comments?post=50957"}],"version-history":[{"count":0,"href":"https:\/\/jorgezanoni.com.br\/2019\/wp-json\/wp\/v2\/posts\/50957\/revisions"}],"wp:featuredmedia":[{"embeddable":true,"href":"https:\/\/jorgezanoni.com.br\/2019\/wp-json\/wp\/v2\/media\/50958"}],"wp:attachment":[{"href":"https:\/\/jorgezanoni.com.br\/2019\/wp-json\/wp\/v2\/media?parent=50957"}],"wp:term":[{"taxonomy":"category","embeddable":true,"href":"https:\/\/jorgezanoni.com.br\/2019\/wp-json\/wp\/v2\/categories?post=50957"},{"taxonomy":"post_tag","embeddable":true,"href":"https:\/\/jorgezanoni.com.br\/2019\/wp-json\/wp\/v2\/tags?post=50957"}],"curies":[{"name":"wp","href":"https:\/\/api.w.org\/{rel}","templated":true}]}}