{"id":50912,"date":"2021-07-18T12:44:36","date_gmt":"2021-07-18T12:44:36","guid":{"rendered":"https:\/\/jorgezanoni.com.br\/2019\/?p=50912"},"modified":"2021-07-18T12:52:41","modified_gmt":"2021-07-18T12:52:41","slug":"morre-o-conhecido-professor-e-fotografo-gabriel-leite","status":"publish","type":"post","link":"https:\/\/jorgezanoni.com.br\/2019\/morre-o-conhecido-professor-e-fotografo-gabriel-leite\/","title":{"rendered":"Morre o conhecido Professor e Fot\u00f3grafo Gabriel Leite"},"content":{"rendered":"<p style=\"text-align: justify;\">Comunicamos com pesar o falecimento de Gabriel dos Santos Leite de 65 anos. Ele estava internado em Presidente Prudente.<\/p>\n<p style=\"text-align: justify;\">Deixa a esposa Alice, filhas, m\u00e3e, irm\u00e3os e demais familiares e amigos.<\/p>\n<p style=\"text-align: justify;\">Gabriel era professor e fot\u00f3grafo da Pol\u00edcia T\u00e9cnico-Cient\u00edfica de Dracena h\u00e1 muitos anos, Tamb\u00e9m foi fot\u00f3grafo do Jornal Regional. Pertence a uma fam\u00edlia de fot\u00f3grafos.<\/p>\n<p style=\"text-align: justify;\">O Vel\u00f3rio ocorre a partir das 10 Hs. no Memorial VidaPrev e o sepultamento est\u00e1 previsto para as 16 Hs. no Cemit\u00e9rio Municipal de Dracena.<\/p>\n<p style=\"text-align: justify;\">O Site JZ se solidariza com a fam\u00edlia e amigos neste dif\u00edcil momento.<\/p>\n<p><img loading=\"lazy\" decoding=\"async\" class=\"alignnone size-full wp-image-50915\" src=\"https:\/\/jorgezanoni.com.br\/2019\/wp-content\/uploads\/2021\/07\/Gabriel-1-1.jpg\" alt=\"\" width=\"1280\" height=\"1279\" srcset=\"https:\/\/jorgezanoni.com.br\/2019\/wp-content\/uploads\/2021\/07\/Gabriel-1-1.jpg 1280w, https:\/\/jorgezanoni.com.br\/2019\/wp-content\/uploads\/2021\/07\/Gabriel-1-1-300x300.jpg 300w, https:\/\/jorgezanoni.com.br\/2019\/wp-content\/uploads\/2021\/07\/Gabriel-1-1-1024x1024.jpg 1024w, https:\/\/jorgezanoni.com.br\/2019\/wp-content\/uploads\/2021\/07\/Gabriel-1-1-150x150.jpg 150w, https:\/\/jorgezanoni.com.br\/2019\/wp-content\/uploads\/2021\/07\/Gabriel-1-1-768x767.jpg 768w, https:\/\/jorgezanoni.com.br\/2019\/wp-content\/uploads\/2021\/07\/Gabriel-1-1-696x695.jpg 696w, https:\/\/jorgezanoni.com.br\/2019\/wp-content\/uploads\/2021\/07\/Gabriel-1-1-1068x1067.jpg 1068w, https:\/\/jorgezanoni.com.br\/2019\/wp-content\/uploads\/2021\/07\/Gabriel-1-1-420x420.jpg 420w\" sizes=\"auto, (max-width: 1280px) 100vw, 1280px\" \/><\/p>\n<p style=\"text-align: justify;\">\n","protected":false},"excerpt":{"rendered":"<p>Comunicamos com pesar o falecimento de Gabriel dos Santos Leite de 65 anos. Ele estava internado em Presidente Prudente. Deixa a esposa Alice, filhas, m\u00e3e, irm\u00e3os e demais familiares e amigos. Gabriel era professor e fot\u00f3grafo da Pol\u00edcia T\u00e9cnico-Cient\u00edfica de Dracena h\u00e1 muitos anos, Tamb\u00e9m foi fot\u00f3grafo do Jornal Regional. Pertence a uma fam\u00edlia de [&hellip;]<\/p>\n","protected":false},"author":1,"featured_media":50913,"comment_status":"closed","ping_status":"open","sticky":false,"template":"","format":"standard","meta":{"footnotes":""},"categories":[178,110],"tags":[],"class_list":["post-50912","post","type-post","status-publish","format-standard","has-post-thumbnail","hentry","category-notadefalecimento","category-noticiasdestaque"],"_links":{"self":[{"href":"https:\/\/jorgezanoni.com.br\/2019\/wp-json\/wp\/v2\/posts\/50912","targetHints":{"allow":["GET"]}}],"collection":[{"href":"https:\/\/jorgezanoni.com.br\/2019\/wp-json\/wp\/v2\/posts"}],"about":[{"href":"https:\/\/jorgezanoni.com.br\/2019\/wp-json\/wp\/v2\/types\/post"}],"author":[{"embeddable":true,"href":"https:\/\/jorgezanoni.com.br\/2019\/wp-json\/wp\/v2\/users\/1"}],"replies":[{"embeddable":true,"href":"https:\/\/jorgezanoni.com.br\/2019\/wp-json\/wp\/v2\/comments?post=50912"}],"version-history":[{"count":0,"href":"https:\/\/jorgezanoni.com.br\/2019\/wp-json\/wp\/v2\/posts\/50912\/revisions"}],"wp:featuredmedia":[{"embeddable":true,"href":"https:\/\/jorgezanoni.com.br\/2019\/wp-json\/wp\/v2\/media\/50913"}],"wp:attachment":[{"href":"https:\/\/jorgezanoni.com.br\/2019\/wp-json\/wp\/v2\/media?parent=50912"}],"wp:term":[{"taxonomy":"category","embeddable":true,"href":"https:\/\/jorgezanoni.com.br\/2019\/wp-json\/wp\/v2\/categories?post=50912"},{"taxonomy":"post_tag","embeddable":true,"href":"https:\/\/jorgezanoni.com.br\/2019\/wp-json\/wp\/v2\/tags?post=50912"}],"curies":[{"name":"wp","href":"https:\/\/api.w.org\/{rel}","templated":true}]}}