{"id":50895,"date":"2021-07-17T20:03:31","date_gmt":"2021-07-17T20:03:31","guid":{"rendered":"https:\/\/jorgezanoni.com.br\/2019\/?p=50895"},"modified":"2021-07-17T20:03:31","modified_gmt":"2021-07-17T20:03:31","slug":"rapaz-de-22-anos-morre-depois-de-bater-moto-em-defensa-metalica-e-tombar-em-rodovia","status":"publish","type":"post","link":"https:\/\/jorgezanoni.com.br\/2019\/rapaz-de-22-anos-morre-depois-de-bater-moto-em-defensa-metalica-e-tombar-em-rodovia\/","title":{"rendered":"Rapaz de 22 anos morre depois de bater moto em defensa met\u00e1lica e tombar em rodovia"},"content":{"rendered":"<h2 class=\"content-head__subtitle\" style=\"text-align: justify;\"><strong>Por motivos a serem esclarecidos, o motociclista perdeu o controle da dire\u00e7\u00e3o na Rodovia Raposo Tavares (SP-270), em Presidente Prudente, neste s\u00e1bado (17).<\/strong><\/h2>\n<div class=\"mc-column content-text active-extra-styles \" data-block-type=\"unstyled\" data-block-weight=\"26\" data-block-id=\"2\">\n<p class=\"content-text__container \" style=\"text-align: justify;\" data-track-category=\"Link no Texto\" data-track-links=\"\">Um rapaz de 22 anos morreu v\u00edtima de um acidente de tr\u00e2nsito na manh\u00e3 deste s\u00e1bado (17), na Rodovia Raposo Tavares (SP-270), em\u00a0<a href=\"https:\/\/g1.globo.com\/sp\/presidente-prudente-regiao\/cidade\/presidente-prudente\/\">Presidente Prudente (SP)<\/a>.<\/p>\n<\/div>\n<div class=\"wall protected-content\">\n<div class=\"mc-column content-text active-extra-styles \" style=\"text-align: justify;\" data-block-type=\"unstyled\" data-block-weight=\"37\" data-block-id=\"3\">\n<p class=\"content-text__container \" data-track-category=\"Link no Texto\" data-track-links=\"\">De acordo com a Pol\u00edcia Militar Rodovi\u00e1ria, a v\u00edtima conduzia uma motocicleta pelo sentido leste \u2013 \u00c1lvares Machado (SP)\u2013Regente Feij\u00f3 (SP). Por volta das 7h30, a corpora\u00e7\u00e3o foi acionada para o atendimento de uma ocorr\u00eancia com v\u00edtima.<\/p>\n<\/div>\n<div class=\"mc-column content-text active-extra-styles \" style=\"text-align: justify;\" data-block-type=\"unstyled\" data-block-weight=\"33\" data-block-id=\"4\">\n<p class=\"content-text__container \" data-track-category=\"Link no Texto\" data-track-links=\"\">Ainda segundo a pol\u00edcia, por motivos a serem esclarecidos, o rapaz perdeu o controle da dire\u00e7\u00e3o, bateu contra uma defensa met\u00e1lica e tombou com o ve\u00edculo na pista, na altura do km 563,840.<\/p>\n<\/div>\n<div class=\"mc-column content-text active-extra-styles \" style=\"text-align: justify;\" data-block-type=\"unstyled\" data-block-weight=\"26\" data-block-id=\"5\">\n<p class=\"content-text__container \" data-track-category=\"Link no Texto\" data-track-links=\"\">O Corpo de Bombeiros foi acionado e socorreu a v\u00edtima, que tinha ferimentos graves. O motociclista foi levado para o Hospital Regional (HR), em Presidente Prudente.<\/p>\n<\/div>\n<div class=\"mc-column content-text active-extra-styles \" style=\"text-align: justify;\" data-block-type=\"unstyled\" data-block-weight=\"17\" data-block-id=\"6\">\n<p class=\"content-text__container \" data-track-category=\"Link no Texto\" data-track-links=\"\">Tamb\u00e9m conforme a Pol\u00edcia Rodovi\u00e1ria, por volta das 9h30, o rapaz n\u00e3o resistiu aos ferimentos e morreu.<\/p>\n<\/div>\n<div class=\"row medium-uncollapsed content-media content-photo\" data-block-type=\"backstage-photo\" data-block-id=\"7\">\n<div class=\"mc-column content-media__container\">\n<div class=\"content-media-container glb-skeleton-box\" style=\"text-align: justify;\">\n<figure class=\"content-media-figure\"><img decoding=\"async\" class=\"i-amphtml-fill-content i-amphtml-replaced-content\" src=\"https:\/\/s2.glbimg.com\/YI2xPBEvr67-_9bsSMmqmgxWqkA=\/0x0:805x589\/984x0\/smart\/filters:strip_icc()\/i.s3.glbimg.com\/v1\/AUTH_59edd422c0c84a879bd37670ae4f538a\/internal_photos\/bs\/2021\/n\/X\/TlTIBdQgAbNOIRwlmwIg\/whatsapp-image-2021-07-17-at-12.08.25-1-.jpg\" sizes=\"(max-width: 1366px) 648px, 100vw\" srcset=\"https:\/\/s2.glbimg.com\/JqiGkzPuS6DaxCESgdfB3xT9sws=\/0x0:805x589\/1000x0\/smart\/filters:strip_icc()\/i.s3.glbimg.com\/v1\/AUTH_59edd422c0c84a879bd37670ae4f538a\/internal_photos\/bs\/2021\/n\/X\/TlTIBdQgAbNOIRwlmwIg\/whatsapp-image-2021-07-17-at-12.08.25-1-.jpg 1000w, https:\/\/s2.glbimg.com\/YI2xPBEvr67-_9bsSMmqmgxWqkA=\/0x0:805x589\/984x0\/smart\/filters:strip_icc()\/i.s3.glbimg.com\/v1\/AUTH_59edd422c0c84a879bd37670ae4f538a\/internal_photos\/bs\/2021\/n\/X\/TlTIBdQgAbNOIRwlmwIg\/whatsapp-image-2021-07-17-at-12.08.25-1-.jpg 984w, https:\/\/s2.glbimg.com\/rkwVXPL-5JFAMfcUEA-nn3NuDPE=\/0x0:805x589\/640x0\/smart\/filters:strip_icc()\/i.s3.glbimg.com\/v1\/AUTH_59edd422c0c84a879bd37670ae4f538a\/internal_photos\/bs\/2021\/n\/X\/TlTIBdQgAbNOIRwlmwIg\/whatsapp-image-2021-07-17-at-12.08.25-1-.jpg 640w, https:\/\/s2.glbimg.com\/x2KJ7istqkbaTXG41fge_axkp-Y=\/0x0:805x589\/600x0\/smart\/filters:strip_icc()\/i.s3.glbimg.com\/v1\/AUTH_59edd422c0c84a879bd37670ae4f538a\/internal_photos\/bs\/2021\/n\/X\/TlTIBdQgAbNOIRwlmwIg\/whatsapp-image-2021-07-17-at-12.08.25-1-.jpg 600w\" alt=\"Rapaz bateu a moto em uma defensa met\u00e1lica e depois tombou na rodovia \u2014 Foto: Pol\u00edcia Rodovi\u00e1ria\" \/><\/figure>\n<\/div>\n<p class=\"content-media__description \" style=\"text-align: justify;\">Rapaz bateu a moto em uma defensa met\u00e1lica e depois tombou na rodovia \u2014 Foto: Pol\u00edcia Rodovi\u00e1ria<\/p>\n<p style=\"text-align: justify;\">Fonte: G1<\/p>\n<\/div>\n<\/div>\n<\/div>\n","protected":false},"excerpt":{"rendered":"<p>Por motivos a serem esclarecidos, o motociclista perdeu o controle da dire\u00e7\u00e3o na Rodovia Raposo Tavares (SP-270), em Presidente Prudente, neste s\u00e1bado (17). Um rapaz de 22 anos morreu v\u00edtima de um acidente de tr\u00e2nsito na manh\u00e3 deste s\u00e1bado (17), na Rodovia Raposo Tavares (SP-270), em\u00a0Presidente Prudente (SP). De acordo com a Pol\u00edcia Militar Rodovi\u00e1ria, [&hellip;]<\/p>\n","protected":false},"author":1,"featured_media":50896,"comment_status":"closed","ping_status":"open","sticky":false,"template":"","format":"standard","meta":{"footnotes":""},"categories":[170,110],"tags":[],"class_list":["post-50895","post","type-post","status-publish","format-standard","has-post-thumbnail","hentry","category-acidentes","category-noticiasdestaque"],"_links":{"self":[{"href":"https:\/\/jorgezanoni.com.br\/2019\/wp-json\/wp\/v2\/posts\/50895","targetHints":{"allow":["GET"]}}],"collection":[{"href":"https:\/\/jorgezanoni.com.br\/2019\/wp-json\/wp\/v2\/posts"}],"about":[{"href":"https:\/\/jorgezanoni.com.br\/2019\/wp-json\/wp\/v2\/types\/post"}],"author":[{"embeddable":true,"href":"https:\/\/jorgezanoni.com.br\/2019\/wp-json\/wp\/v2\/users\/1"}],"replies":[{"embeddable":true,"href":"https:\/\/jorgezanoni.com.br\/2019\/wp-json\/wp\/v2\/comments?post=50895"}],"version-history":[{"count":0,"href":"https:\/\/jorgezanoni.com.br\/2019\/wp-json\/wp\/v2\/posts\/50895\/revisions"}],"wp:featuredmedia":[{"embeddable":true,"href":"https:\/\/jorgezanoni.com.br\/2019\/wp-json\/wp\/v2\/media\/50896"}],"wp:attachment":[{"href":"https:\/\/jorgezanoni.com.br\/2019\/wp-json\/wp\/v2\/media?parent=50895"}],"wp:term":[{"taxonomy":"category","embeddable":true,"href":"https:\/\/jorgezanoni.com.br\/2019\/wp-json\/wp\/v2\/categories?post=50895"},{"taxonomy":"post_tag","embeddable":true,"href":"https:\/\/jorgezanoni.com.br\/2019\/wp-json\/wp\/v2\/tags?post=50895"}],"curies":[{"name":"wp","href":"https:\/\/api.w.org\/{rel}","templated":true}]}}