{"id":50887,"date":"2021-07-17T18:53:16","date_gmt":"2021-07-17T18:53:16","guid":{"rendered":"https:\/\/jorgezanoni.com.br\/2019\/?p=50887"},"modified":"2021-07-17T18:53:16","modified_gmt":"2021-07-17T18:53:16","slug":"policia-militar-prende-tres-por-trafico-de-drogas-em-adamantina","status":"publish","type":"post","link":"https:\/\/jorgezanoni.com.br\/2019\/policia-militar-prende-tres-por-trafico-de-drogas-em-adamantina\/","title":{"rendered":"Pol\u00edcia Militar prende tr\u00eas por Tr\u00e1fico de Drogas em Adamantina"},"content":{"rendered":"<p style=\"text-align: justify;\">Na noite de ontem (16), durante a realiza\u00e7\u00e3o de bloqueio na vicinal Mois\u00e9s Justino da Silva juntamente com a viatura 22-435, Supervisor Regional, Cap PM Bressan, foi avistado o ve\u00edculo Ford Fiesta, placa NGM-4379, na cor vermelha, ocupado por 3 indiv\u00edduos que ao avistar a viatura demonstraram certo nervosismo, por essa raz\u00e3o foi realizado a abordagem no ve\u00edculo e busca pessoal nos passageiros,<br \/>\nNa entrevista individual, o motorista A.M.B.M, alegou que o casal, C. A. L. O. e W.C.S, de 22, 45 e 33 anos respectivamente, havia pago a quantia de R$ 300 reais para que ele pudesse lev\u00e1-los at\u00e9 a cidade de Osvaldo Cruz para buscar certa quantia de drogas. Ao realizar a busca pessoal na mulher foi encontrado a quantia de R$ 80,00 reais e ao questionar sobre a droga, a mesma confessou que havia introduzido certa quantidade de sacol\u00e9 em seu \u00f3rg\u00e3o genital, tendo sido solicitado para que a mesma retirasse, totalizando 34 sacol\u00e9 de coca\u00edna. Foram conduzidos at\u00e9 o plant\u00e3o da Delegacia Civil de Adamantina, onde foi ratificado a voz de pris\u00e3o em flagrante por tr\u00e1fico de drogas, ficando os tr\u00eas indiv\u00edduos a disposi\u00e7\u00e3o da Justi\u00e7a. A Droga pesou 0,029Kg. Tamb\u00e9m foram apreendidos dois celulares.<\/p>\n<p style=\"text-align: justify;\">Trabalharam na ocorr\u00eancia a Vitatura\u00a022-435 SUPERVISOR REGIONAL ENC. CAP PM BRESSAN, MOT. CB PM KELLER e AUX. SD PM THAIS com apoio da\u00a0I-25002 CFP ENC. 1 TEN PM MAYARA, MOT. CB PM DOUGLAS e AUX. CB PM MIRANDA<\/p>\n<p>POL\u00cdCIA MILITAR DO ESTADO DE S\u00c3O PAULO<br \/>\nCPI-8 &#8211; 25 BPM-I &#8211; 2\u00aa CIA\/ADAMANTINA<\/p>\n<p>Fonte: Com. Social Pol\u00edcia Militar<\/p>\n","protected":false},"excerpt":{"rendered":"<p>Na noite de ontem (16), durante a realiza\u00e7\u00e3o de bloqueio na vicinal Mois\u00e9s Justino da Silva juntamente com a viatura 22-435, Supervisor Regional, Cap PM Bressan, foi avistado o ve\u00edculo Ford Fiesta, placa NGM-4379, na cor vermelha, ocupado por 3 indiv\u00edduos que ao avistar a viatura demonstraram certo nervosismo, por essa raz\u00e3o foi realizado a [&hellip;]<\/p>\n","protected":false},"author":1,"featured_media":50888,"comment_status":"closed","ping_status":"open","sticky":false,"template":"","format":"standard","meta":{"footnotes":""},"categories":[110,2],"tags":[],"class_list":["post-50887","post","type-post","status-publish","format-standard","has-post-thumbnail","hentry","category-noticiasdestaque","category-policial"],"_links":{"self":[{"href":"https:\/\/jorgezanoni.com.br\/2019\/wp-json\/wp\/v2\/posts\/50887","targetHints":{"allow":["GET"]}}],"collection":[{"href":"https:\/\/jorgezanoni.com.br\/2019\/wp-json\/wp\/v2\/posts"}],"about":[{"href":"https:\/\/jorgezanoni.com.br\/2019\/wp-json\/wp\/v2\/types\/post"}],"author":[{"embeddable":true,"href":"https:\/\/jorgezanoni.com.br\/2019\/wp-json\/wp\/v2\/users\/1"}],"replies":[{"embeddable":true,"href":"https:\/\/jorgezanoni.com.br\/2019\/wp-json\/wp\/v2\/comments?post=50887"}],"version-history":[{"count":0,"href":"https:\/\/jorgezanoni.com.br\/2019\/wp-json\/wp\/v2\/posts\/50887\/revisions"}],"wp:featuredmedia":[{"embeddable":true,"href":"https:\/\/jorgezanoni.com.br\/2019\/wp-json\/wp\/v2\/media\/50888"}],"wp:attachment":[{"href":"https:\/\/jorgezanoni.com.br\/2019\/wp-json\/wp\/v2\/media?parent=50887"}],"wp:term":[{"taxonomy":"category","embeddable":true,"href":"https:\/\/jorgezanoni.com.br\/2019\/wp-json\/wp\/v2\/categories?post=50887"},{"taxonomy":"post_tag","embeddable":true,"href":"https:\/\/jorgezanoni.com.br\/2019\/wp-json\/wp\/v2\/tags?post=50887"}],"curies":[{"name":"wp","href":"https:\/\/api.w.org\/{rel}","templated":true}]}}