{"id":50852,"date":"2021-07-16T22:53:40","date_gmt":"2021-07-16T22:53:40","guid":{"rendered":"https:\/\/jorgezanoni.com.br\/2019\/?p=50852"},"modified":"2021-07-16T22:53:40","modified_gmt":"2021-07-16T22:53:40","slug":"policlinica-estara-aberta-neste-sabado-para-vacina-da-gripe","status":"publish","type":"post","link":"https:\/\/jorgezanoni.com.br\/2019\/policlinica-estara-aberta-neste-sabado-para-vacina-da-gripe\/","title":{"rendered":"Policl\u00ednica estar\u00e1 aberta neste s\u00e1bado para Vacina da Gripe"},"content":{"rendered":"<div class=\"kvgmc6g5 cxmmr5t8 oygrvhab hcukyx3x c1et5uql ii04i59q\"><\/div>\n<div class=\"o9v6fnle cxmmr5t8 oygrvhab hcukyx3x c1et5uql ii04i59q\" style=\"text-align: justify;\">\n<div dir=\"auto\">Neste s\u00e1bado, dia 17\/07, a Policl\u00ednica, no Bairro S\u00e3o Crist\u00f3v\u00e3o, estar\u00e1 aberta para receber pessoas que n\u00e3o tomaram ainda a vacina da gripe, para todos os p\u00fablicos das 8h \u00e0s 14h. \u00c9 preciso levar a caderneta de vacina\u00e7\u00e3o, RG, comprovante de resid\u00eancia.<\/div>\n<\/div>\n<div class=\"o9v6fnle cxmmr5t8 oygrvhab hcukyx3x c1et5uql ii04i59q\" style=\"text-align: justify;\">\n<div dir=\"auto\"><span class=\"pq6dq46d tbxw36s4 knj5qynh kvgmc6g5 ditlmg2l oygrvhab nvdbi5me sf5mxxl7 gl3lb2sf hhz5lgdu\"><br \/>\nA Sa\u00fade municipal ressalta que a vacina\u00e7\u00e3o estar\u00e1 sendo oferecida at\u00e9 durar o estoque.<\/span><\/div>\n<\/div>\n<div class=\"o9v6fnle cxmmr5t8 oygrvhab hcukyx3x c1et5uql ii04i59q\" style=\"text-align: justify;\">\n<div dir=\"auto\"><\/div>\n<div dir=\"auto\">ATEN\u00c7\u00c3O<\/div>\n<\/div>\n<div class=\"o9v6fnle cxmmr5t8 oygrvhab hcukyx3x c1et5uql ii04i59q\" style=\"text-align: justify;\">\n<div dir=\"auto\"><span class=\"pq6dq46d tbxw36s4 knj5qynh kvgmc6g5 ditlmg2l oygrvhab nvdbi5me sf5mxxl7 gl3lb2sf hhz5lgdu\"><br \/>\nPara tomar a vacina da gripe n\u00e3o pode ter recebido a vacina da COVID nos \u00faltimos 14 dias.<\/span><\/div>\n<div dir=\"auto\"><\/div>\n<\/div>\n<div class=\"o9v6fnle cxmmr5t8 oygrvhab hcukyx3x c1et5uql ii04i59q\" style=\"text-align: justify;\">\n<div dir=\"auto\">O Instituto Butantan disponibiliza ao Brasil 80 milh\u00f5es de doses para a campanha nacional, com produ\u00e7\u00e3o integral do imunizante e sem necessidade de importa\u00e7\u00e3o de mat\u00e9ria-prima. O imunizante deste ano \u00e9 constitu\u00eddo por tr\u00eas cepas de Influenza: A\/Victoria\/2570\/2018 (H1N1)pdm09; A\/Hong Kong\/2671\/2019 (H3N2); e B\/Washington\/02\/2019 (linhagem B\/Victoria).Em 2020, o Estado de S\u00e3o Paulo registrou 809 casos de S\u00edndrome Respirat\u00f3ria Aguda Grave (SRAG) atribu\u00edveis ao v\u00edrus Influenza e 119 \u00f3bitos.<\/div>\n<\/div>\n<div class=\"o9v6fnle cxmmr5t8 oygrvhab hcukyx3x c1et5uql ii04i59q\" style=\"text-align: justify;\">\n<div dir=\"auto\"><\/div>\n<div dir=\"auto\">A vacina \u00e9 totalmente segura e n\u00e3o causa gripe, pois \u00e9 composta apenas de fragmentos do v\u00edrus que garantem a devida prote\u00e7\u00e3o.<\/div>\n<div dir=\"auto\"><\/div>\n<\/div>\n<div dir=\"auto\" style=\"text-align: justify;\">Fonte: Diretoria de Comunica\u00e7\u00e3o<\/div>\n","protected":false},"excerpt":{"rendered":"<p>Neste s\u00e1bado, dia 17\/07, a Policl\u00ednica, no Bairro S\u00e3o Crist\u00f3v\u00e3o, estar\u00e1 aberta para receber pessoas que n\u00e3o tomaram ainda a vacina da gripe, para todos os p\u00fablicos das 8h \u00e0s 14h. \u00c9 preciso levar a caderneta de vacina\u00e7\u00e3o, RG, comprovante de resid\u00eancia. A Sa\u00fade municipal ressalta que a vacina\u00e7\u00e3o estar\u00e1 sendo oferecida at\u00e9 durar o [&hellip;]<\/p>\n","protected":false},"author":1,"featured_media":50853,"comment_status":"closed","ping_status":"open","sticky":false,"template":"","format":"standard","meta":{"footnotes":""},"categories":[179,184,110],"tags":[],"class_list":["post-50852","post","type-post","status-publish","format-standard","has-post-thumbnail","hentry","category-cidadeseregiao","category-dracena","category-noticiasdestaque"],"_links":{"self":[{"href":"https:\/\/jorgezanoni.com.br\/2019\/wp-json\/wp\/v2\/posts\/50852","targetHints":{"allow":["GET"]}}],"collection":[{"href":"https:\/\/jorgezanoni.com.br\/2019\/wp-json\/wp\/v2\/posts"}],"about":[{"href":"https:\/\/jorgezanoni.com.br\/2019\/wp-json\/wp\/v2\/types\/post"}],"author":[{"embeddable":true,"href":"https:\/\/jorgezanoni.com.br\/2019\/wp-json\/wp\/v2\/users\/1"}],"replies":[{"embeddable":true,"href":"https:\/\/jorgezanoni.com.br\/2019\/wp-json\/wp\/v2\/comments?post=50852"}],"version-history":[{"count":0,"href":"https:\/\/jorgezanoni.com.br\/2019\/wp-json\/wp\/v2\/posts\/50852\/revisions"}],"wp:featuredmedia":[{"embeddable":true,"href":"https:\/\/jorgezanoni.com.br\/2019\/wp-json\/wp\/v2\/media\/50853"}],"wp:attachment":[{"href":"https:\/\/jorgezanoni.com.br\/2019\/wp-json\/wp\/v2\/media?parent=50852"}],"wp:term":[{"taxonomy":"category","embeddable":true,"href":"https:\/\/jorgezanoni.com.br\/2019\/wp-json\/wp\/v2\/categories?post=50852"},{"taxonomy":"post_tag","embeddable":true,"href":"https:\/\/jorgezanoni.com.br\/2019\/wp-json\/wp\/v2\/tags?post=50852"}],"curies":[{"name":"wp","href":"https:\/\/api.w.org\/{rel}","templated":true}]}}