{"id":50776,"date":"2021-07-14T15:19:14","date_gmt":"2021-07-14T15:19:14","guid":{"rendered":"https:\/\/jorgezanoni.com.br\/2019\/?p=50776"},"modified":"2021-07-14T15:19:14","modified_gmt":"2021-07-14T15:19:14","slug":"virou-cinza-policia-civil-incinera-mais-de-uma-tonelada-de-drogas-apreendidas-em-dracena","status":"publish","type":"post","link":"https:\/\/jorgezanoni.com.br\/2019\/virou-cinza-policia-civil-incinera-mais-de-uma-tonelada-de-drogas-apreendidas-em-dracena\/","title":{"rendered":"Virou Cinza: Pol\u00edcia Civil incinera mais de uma tonelada de drogas apreendidas em Dracena"},"content":{"rendered":"<p style=\"text-align: justify;\"><strong>A incinera\u00e7\u00e3o dos entorpecentes aconteceu na manh\u00e3 desta quarta-feira (14).<\/strong><\/p>\n<p style=\"text-align: justify;\">A Pol\u00edcia Civil, por interm\u00e9dio das Unidades Especializadas (Delegacia de Investiga\u00e7\u00f5es Gerais &#8211; DIG e Delegacia de Investiga\u00e7\u00e3o Sobre Entorpecentes &#8211; DISE) incinerou, nesta quarta-feira (14), mais de uma tonelada de drogas que haviam sido apreendidas na \u00faltima quinta-feira (8), em Dracena. O comboio contou com o apoio operacional do Grupo de Opera\u00e7\u00f5es Especiais &#8211; GOE para garantir a seguran\u00e7a do transporte.<\/p>\n<p style=\"text-align: justify;\">A a\u00e7\u00e3o de queima do material il\u00edcito foi realizada em um forno de alta temperatura de uma ind\u00fastria sucroalcooleira, com autoriza\u00e7\u00e3o pr\u00e9via do Poder Judici\u00e1rio.<\/p>\n<p style=\"text-align: justify;\">O procedimento de incinera\u00e7\u00e3o segue o regulamento da \u00a8Lei Antidrogas\u00a8. Al\u00e9m dos agentes da Pol\u00edcia Civil, os representantes do Minist\u00e9rio P\u00fablico e da Vigil\u00e2ncia Sanit\u00e1ria, tamb\u00e9m acompanharam a destrui\u00e7\u00e3o.<\/p>\n<div style=\"width: 640px;\" class=\"wp-video\"><video class=\"wp-video-shortcode\" id=\"video-50776-1\" width=\"640\" height=\"352\" preload=\"metadata\" controls=\"controls\"><source type=\"video\/mp4\" src=\"https:\/\/jorgezanoni.com.br\/2019\/wp-content\/uploads\/2021\/07\/WhatsApp-Video-2021-07-14-at-12.06.48.mp4?_=1\" \/><a href=\"https:\/\/jorgezanoni.com.br\/2019\/wp-content\/uploads\/2021\/07\/WhatsApp-Video-2021-07-14-at-12.06.48.mp4\">https:\/\/jorgezanoni.com.br\/2019\/wp-content\/uploads\/2021\/07\/WhatsApp-Video-2021-07-14-at-12.06.48.mp4<\/a><\/video><\/div>\n<div style=\"width: 640px;\" class=\"wp-video\"><video class=\"wp-video-shortcode\" id=\"video-50776-2\" width=\"640\" height=\"352\" preload=\"metadata\" controls=\"controls\"><source type=\"video\/mp4\" src=\"https:\/\/jorgezanoni.com.br\/2019\/wp-content\/uploads\/2021\/07\/WhatsApp-Video-2021-07-14-at-12.06.47-1.mp4?_=2\" \/><a href=\"https:\/\/jorgezanoni.com.br\/2019\/wp-content\/uploads\/2021\/07\/WhatsApp-Video-2021-07-14-at-12.06.47-1.mp4\">https:\/\/jorgezanoni.com.br\/2019\/wp-content\/uploads\/2021\/07\/WhatsApp-Video-2021-07-14-at-12.06.47-1.mp4<\/a><\/video><\/div>\n<div style=\"width: 640px;\" class=\"wp-video\"><video class=\"wp-video-shortcode\" id=\"video-50776-3\" width=\"640\" height=\"352\" preload=\"metadata\" controls=\"controls\"><source type=\"video\/mp4\" src=\"https:\/\/jorgezanoni.com.br\/2019\/wp-content\/uploads\/2021\/07\/WhatsApp-Video-2021-07-14-at-12.06.47.mp4?_=3\" \/><a href=\"https:\/\/jorgezanoni.com.br\/2019\/wp-content\/uploads\/2021\/07\/WhatsApp-Video-2021-07-14-at-12.06.47.mp4\">https:\/\/jorgezanoni.com.br\/2019\/wp-content\/uploads\/2021\/07\/WhatsApp-Video-2021-07-14-at-12.06.47.mp4<\/a><\/video><\/div>\n<div style=\"width: 640px;\" class=\"wp-video\"><video class=\"wp-video-shortcode\" id=\"video-50776-4\" width=\"640\" height=\"352\" preload=\"metadata\" controls=\"controls\"><source type=\"video\/mp4\" src=\"https:\/\/jorgezanoni.com.br\/2019\/wp-content\/uploads\/2021\/07\/WhatsApp-Video-2021-07-14-at-12.06.45.mp4?_=4\" \/><a href=\"https:\/\/jorgezanoni.com.br\/2019\/wp-content\/uploads\/2021\/07\/WhatsApp-Video-2021-07-14-at-12.06.45.mp4\">https:\/\/jorgezanoni.com.br\/2019\/wp-content\/uploads\/2021\/07\/WhatsApp-Video-2021-07-14-at-12.06.45.mp4<\/a><\/video><\/div>\n<p>Fonte: Com. Social Pol\u00edcia Civil<\/p>\n","protected":false},"excerpt":{"rendered":"<p>A incinera\u00e7\u00e3o dos entorpecentes aconteceu na manh\u00e3 desta quarta-feira (14). A Pol\u00edcia Civil, por interm\u00e9dio das Unidades Especializadas (Delegacia de Investiga\u00e7\u00f5es Gerais &#8211; DIG e Delegacia de Investiga\u00e7\u00e3o Sobre Entorpecentes &#8211; DISE) incinerou, nesta quarta-feira (14), mais de uma tonelada de drogas que haviam sido apreendidas na \u00faltima quinta-feira (8), em Dracena. O comboio contou [&hellip;]<\/p>\n","protected":false},"author":1,"featured_media":50781,"comment_status":"closed","ping_status":"open","sticky":false,"template":"","format":"video","meta":{"footnotes":""},"categories":[110,2,169],"tags":[],"class_list":["post-50776","post","type-post","status-publish","format-video","has-post-thumbnail","hentry","category-noticiasdestaque","category-policial","category-videos","post_format-post-format-video"],"_links":{"self":[{"href":"https:\/\/jorgezanoni.com.br\/2019\/wp-json\/wp\/v2\/posts\/50776","targetHints":{"allow":["GET"]}}],"collection":[{"href":"https:\/\/jorgezanoni.com.br\/2019\/wp-json\/wp\/v2\/posts"}],"about":[{"href":"https:\/\/jorgezanoni.com.br\/2019\/wp-json\/wp\/v2\/types\/post"}],"author":[{"embeddable":true,"href":"https:\/\/jorgezanoni.com.br\/2019\/wp-json\/wp\/v2\/users\/1"}],"replies":[{"embeddable":true,"href":"https:\/\/jorgezanoni.com.br\/2019\/wp-json\/wp\/v2\/comments?post=50776"}],"version-history":[{"count":0,"href":"https:\/\/jorgezanoni.com.br\/2019\/wp-json\/wp\/v2\/posts\/50776\/revisions"}],"wp:featuredmedia":[{"embeddable":true,"href":"https:\/\/jorgezanoni.com.br\/2019\/wp-json\/wp\/v2\/media\/50781"}],"wp:attachment":[{"href":"https:\/\/jorgezanoni.com.br\/2019\/wp-json\/wp\/v2\/media?parent=50776"}],"wp:term":[{"taxonomy":"category","embeddable":true,"href":"https:\/\/jorgezanoni.com.br\/2019\/wp-json\/wp\/v2\/categories?post=50776"},{"taxonomy":"post_tag","embeddable":true,"href":"https:\/\/jorgezanoni.com.br\/2019\/wp-json\/wp\/v2\/tags?post=50776"}],"curies":[{"name":"wp","href":"https:\/\/api.w.org\/{rel}","templated":true}]}}