{"id":50756,"date":"2021-07-14T13:35:58","date_gmt":"2021-07-14T13:35:58","guid":{"rendered":"https:\/\/jorgezanoni.com.br\/2019\/?p=50756"},"modified":"2021-07-14T13:35:58","modified_gmt":"2021-07-14T13:35:58","slug":"pedagios-de-inubia-paulista-parapua-e-martinopolis-tem-inicio-de-cobranca-nesta-quinta-feira","status":"publish","type":"post","link":"https:\/\/jorgezanoni.com.br\/2019\/pedagios-de-inubia-paulista-parapua-e-martinopolis-tem-inicio-de-cobranca-nesta-quinta-feira\/","title":{"rendered":"Ped\u00e1gios de In\u00fabia Paulista, Parapu\u00e3 e Martin\u00f3polis tem in\u00edcio de cobran\u00e7a nesta quinta-feira"},"content":{"rendered":"<p style=\"text-align: justify;\"><strong>Cobran\u00e7as diferenciadas em cada Pra\u00e7a de Ped\u00e1gio come\u00e7a a partir da Zero Hora desta quinta-feira (15 de julho).<\/strong><\/p>\n<p style=\"text-align: justify;\">Foi publicada no Di\u00e1rio Oficial do Estado de S\u00e3o Paulo desta quarta-feira (14) a homologa\u00e7\u00e3o do Conselho Diretor da ARTESP (Ag\u00eancia de Transporte do Estado de S\u00e3o Paulo), que autoriza a trafegabilidade e libera o in\u00edcio da opera\u00e7\u00e3o de tr\u00eas pra\u00e7as de ped\u00e1gio da Concession\u00e1ria Eixo-SP localizadas nas rodovias da regi\u00e3o, a partir da 0h desta quinta-feira, dia 15 de julho.<\/p>\n<p style=\"text-align: justify;\">As pra\u00e7as que est\u00e3o autorizadas a iniciar a cobran\u00e7a s\u00e3o localizadas na Rodovia Comandante Jo\u00e3o Ribeiro de Barros (SP-294) e na Rodovia Assis Chateaubriand (SP-425).<\/p>\n<p style=\"text-align: justify;\"><strong>S\u00e3o elas:<\/strong><\/p>\n<p style=\"text-align: justify;\">\u2013 Pra\u00e7a P13 na SP-294 \u2013 km 551+500, em Parapu\u00e3 (entre Parapu\u00e3 e Iacri)<\/p>\n<p style=\"text-align: justify;\">\u2013 Pra\u00e7a P14 na SP-294 \u2013 km 581+700, em In\u00fabia Paulista<\/p>\n<p style=\"text-align: justify;\">\u2013 Pra\u00e7a P19 na SP-425 \u2013 km 400+100, em Martin\u00f3polis<\/p>\n<p style=\"text-align: justify;\">A reportagem entrou em contato com a Assessoria de Imprensa da Eixo-SP que confirmou a informa\u00e7\u00e3o, mas ainda n\u00e3o informou os valores oficiais, por\u00e9m imagens que circulam nas redes sociais mostram que os valores variam de R$ 4,40 a R$ 8,60, para ve\u00edculos de passeio, e entre R$ 40,00 a R$77,10 para caminh\u00f5es 9 eixos.<\/p>\n<p style=\"text-align: justify;\">Nossa reportagem est\u00e1 no aguardo da Nota Oficial que, de acordo com a Assessoria da Eixo-SP, ser\u00e1 encaminhada para a imprensa ainda na manh\u00e3 de hoje.<\/p>\n<p style=\"text-align: justify;\">Fonte: Metr\u00f3pole Fm<\/p>\n<p>Com. Jorge Zanoni<\/p>\n","protected":false},"excerpt":{"rendered":"<p>Cobran\u00e7as diferenciadas em cada Pra\u00e7a de Ped\u00e1gio come\u00e7a a partir da Zero Hora desta quinta-feira (15 de julho). Foi publicada no Di\u00e1rio Oficial do Estado de S\u00e3o Paulo desta quarta-feira (14) a homologa\u00e7\u00e3o do Conselho Diretor da ARTESP (Ag\u00eancia de Transporte do Estado de S\u00e3o Paulo), que autoriza a trafegabilidade e libera o in\u00edcio da [&hellip;]<\/p>\n","protected":false},"author":1,"featured_media":50757,"comment_status":"closed","ping_status":"open","sticky":false,"template":"","format":"standard","meta":{"footnotes":""},"categories":[180,110],"tags":[],"class_list":["post-50756","post","type-post","status-publish","format-standard","has-post-thumbnail","hentry","category-estradastransitoveiculos","category-noticiasdestaque"],"_links":{"self":[{"href":"https:\/\/jorgezanoni.com.br\/2019\/wp-json\/wp\/v2\/posts\/50756","targetHints":{"allow":["GET"]}}],"collection":[{"href":"https:\/\/jorgezanoni.com.br\/2019\/wp-json\/wp\/v2\/posts"}],"about":[{"href":"https:\/\/jorgezanoni.com.br\/2019\/wp-json\/wp\/v2\/types\/post"}],"author":[{"embeddable":true,"href":"https:\/\/jorgezanoni.com.br\/2019\/wp-json\/wp\/v2\/users\/1"}],"replies":[{"embeddable":true,"href":"https:\/\/jorgezanoni.com.br\/2019\/wp-json\/wp\/v2\/comments?post=50756"}],"version-history":[{"count":0,"href":"https:\/\/jorgezanoni.com.br\/2019\/wp-json\/wp\/v2\/posts\/50756\/revisions"}],"wp:featuredmedia":[{"embeddable":true,"href":"https:\/\/jorgezanoni.com.br\/2019\/wp-json\/wp\/v2\/media\/50757"}],"wp:attachment":[{"href":"https:\/\/jorgezanoni.com.br\/2019\/wp-json\/wp\/v2\/media?parent=50756"}],"wp:term":[{"taxonomy":"category","embeddable":true,"href":"https:\/\/jorgezanoni.com.br\/2019\/wp-json\/wp\/v2\/categories?post=50756"},{"taxonomy":"post_tag","embeddable":true,"href":"https:\/\/jorgezanoni.com.br\/2019\/wp-json\/wp\/v2\/tags?post=50756"}],"curies":[{"name":"wp","href":"https:\/\/api.w.org\/{rel}","templated":true}]}}