{"id":50735,"date":"2021-07-13T23:22:07","date_gmt":"2021-07-13T23:22:07","guid":{"rendered":"https:\/\/jorgezanoni.com.br\/2019\/?p=50735"},"modified":"2021-07-13T23:22:08","modified_gmt":"2021-07-13T23:22:08","slug":"acidente-de-transito-mata-dois-rapazes-de-20-e-21-anos-na-rodovia-prefeito-homero-severo-lins","status":"publish","type":"post","link":"https:\/\/jorgezanoni.com.br\/2019\/acidente-de-transito-mata-dois-rapazes-de-20-e-21-anos-na-rodovia-prefeito-homero-severo-lins\/","title":{"rendered":"Acidente de tr\u00e2nsito mata dois rapazes, de 20 e 21 anos, na Rodovia Prefeito Homero Severo Lins"},"content":{"rendered":"<h2 class=\"content-head__subtitle\" style=\"text-align: justify;\"><strong>Outras cinco pessoas ficaram feridas ap\u00f3s a batida que envolveu uma carreta e uma perua, em Martin\u00f3polis, na manh\u00e3 desta ter\u00e7a-feira (13).<\/strong><\/h2>\n<div class=\"content__signa-share\">\n<div class=\"content__signature\">\n<div class=\"content-publication-data\">\n<div class=\"content-publication-data__text\">\n<p class=\"content-publication-data__updated\">\n<\/div>\n<\/div>\n<\/div>\n<\/div>\n<div class=\"mc-article-body\">\n<article>\n<div class=\"row medium-uncollapsed content-media content-photo\" data-block-type=\"backstage-photo\" data-block-id=\"0\">\n<div class=\"mc-column content-media__container\">\n<div class=\"content-media-container glb-skeleton-box\">\n<figure class=\"content-media-figure\"><img decoding=\"async\" class=\"i-amphtml-fill-content i-amphtml-replaced-content\" src=\"https:\/\/s2.glbimg.com\/xsNZFkw2UuTeCZ-cr9afvFfUN3U=\/0x0:1280x719\/984x0\/smart\/filters:strip_icc()\/i.s3.glbimg.com\/v1\/AUTH_59edd422c0c84a879bd37670ae4f538a\/internal_photos\/bs\/2021\/B\/w\/UPdzLYQkeTVIcquj4sYg\/whatsapp-image-2021-07-13-at-07.55.29.jpeg\" sizes=\"(max-width: 1366px) 648px, 100vw\" srcset=\"https:\/\/s2.glbimg.com\/krJVnUYZMFQhZO3t2RiWcsW5ZT0=\/0x0:1280x719\/1000x0\/smart\/filters:strip_icc()\/i.s3.glbimg.com\/v1\/AUTH_59edd422c0c84a879bd37670ae4f538a\/internal_photos\/bs\/2021\/B\/w\/UPdzLYQkeTVIcquj4sYg\/whatsapp-image-2021-07-13-at-07.55.29.jpeg 1000w, https:\/\/s2.glbimg.com\/xsNZFkw2UuTeCZ-cr9afvFfUN3U=\/0x0:1280x719\/984x0\/smart\/filters:strip_icc()\/i.s3.glbimg.com\/v1\/AUTH_59edd422c0c84a879bd37670ae4f538a\/internal_photos\/bs\/2021\/B\/w\/UPdzLYQkeTVIcquj4sYg\/whatsapp-image-2021-07-13-at-07.55.29.jpeg 984w, https:\/\/s2.glbimg.com\/pMboFNJwW7BXR-l0neCUdFWA6jg=\/0x0:1280x719\/640x0\/smart\/filters:strip_icc()\/i.s3.glbimg.com\/v1\/AUTH_59edd422c0c84a879bd37670ae4f538a\/internal_photos\/bs\/2021\/B\/w\/UPdzLYQkeTVIcquj4sYg\/whatsapp-image-2021-07-13-at-07.55.29.jpeg 640w, https:\/\/s2.glbimg.com\/EpCFzlPYGWhvLaz7Lopdxbjd3bY=\/0x0:1280x719\/600x0\/smart\/filters:strip_icc()\/i.s3.glbimg.com\/v1\/AUTH_59edd422c0c84a879bd37670ae4f538a\/internal_photos\/bs\/2021\/B\/w\/UPdzLYQkeTVIcquj4sYg\/whatsapp-image-2021-07-13-at-07.55.29.jpeg 600w\" alt=\"Acidente matou dois rapazes na Rodovia Prefeito Homero Severo Lins \u2014 Foto: Jo\u00e3o Martins\/TV Fronteira \" \/><\/figure>\n<\/div>\n<p class=\"content-media__description \" style=\"text-align: justify;\">Acidente matou dois rapazes na Rodovia Prefeito Homero Severo Lins \u2014 Foto: Jo\u00e3o Martins\/TV Fronteira<\/p>\n<p class=\"content-media__description \" style=\"text-align: justify;\"><span style=\"font-family: inherit; font-size: inherit; font-style: inherit; font-variant-ligatures: inherit; font-variant-caps: inherit; font-weight: inherit; text-align: center;\">Um acidente de tr\u00e2nsito matou dois rapazes, de 20 e 21 anos, na Rodovia Prefeito Homero Severo Lins (SP-284), em <\/span><a style=\"font-family: inherit; font-size: inherit; font-style: inherit; font-variant-ligatures: inherit; font-variant-caps: inherit; font-weight: inherit; text-align: center;\" href=\"http:\/\/g1.globo.com\/sp\/presidente-prudente-regiao\/cidade\/martinopolis-sp.html\">Martin\u00f3polis (SP)<\/a><span style=\"font-family: inherit; font-size: inherit; font-style: inherit; font-variant-ligatures: inherit; font-variant-caps: inherit; font-weight: inherit; text-align: center;\">, na manh\u00e3 desta ter\u00e7a-feira (13).<\/span><\/p>\n<\/div>\n<\/div>\n<div class=\"wall protected-content\">\n<div class=\"mc-column content-text active-extra-styles \" style=\"text-align: justify;\" data-block-type=\"unstyled\" data-block-weight=\"26\" data-block-id=\"3\">\n<p class=\"content-text__container \" data-track-category=\"Link no Texto\" data-track-links=\"\">Outras cinco pessoas \u2013 uma delas em estado grav\u00edssimo \u2013 ficaram feridas em decorr\u00eancia da batida que envolveu uma carreta e um ve\u00edculo do tipo perua.<\/p>\n<\/div>\n<div class=\"mc-column content-text active-extra-styles \" style=\"text-align: justify;\" data-block-type=\"unstyled\" data-block-weight=\"26\" data-block-id=\"4\">\n<p class=\"content-text__container \" data-track-category=\"Link no Texto\" data-track-links=\"\">Conforme informa\u00e7\u00f5es da Pol\u00edcia Militar Rodovi\u00e1ria, por motivos ainda desconhecidos, houve uma colis\u00e3o entre uma carreta e uma perua, que capotou e pegou fogo no local.<\/p>\n<\/div>\n<div class=\"mc-column content-text active-extra-styles \" style=\"text-align: justify;\" data-block-type=\"unstyled\" data-block-weight=\"12\" data-block-id=\"5\">\n<p class=\"content-text__container \" data-track-category=\"Link no Texto\" data-track-links=\"\">Todas as sete v\u00edtimas s\u00e3o moradoras de Martin\u00f3polis e estavam na perua.<\/p>\n<\/div>\n<div class=\"row medium-uncollapsed content-media content-photo\" style=\"text-align: justify;\" data-block-type=\"backstage-photo\" data-block-id=\"6\">\n<div class=\"mc-column content-media__container\">\n<div class=\"content-media-container glb-skeleton-box\">\n<figure class=\"content-media-figure\"><img decoding=\"async\" class=\"i-amphtml-fill-content i-amphtml-replaced-content\" src=\"https:\/\/s2.glbimg.com\/gwlSMCvfVJGkU5mDJegxi6ygbTs=\/0x0:1280x719\/984x0\/smart\/filters:strip_icc()\/i.s3.glbimg.com\/v1\/AUTH_59edd422c0c84a879bd37670ae4f538a\/internal_photos\/bs\/2021\/1\/5\/T5sjJ7Q5S9ZVGFxz7aVw\/whatsapp-image-2021-07-13-at-07.55.29-1-.jpeg\" sizes=\"(max-width: 1366px) 648px, 100vw\" srcset=\"https:\/\/s2.glbimg.com\/3RM9bBaKF2VqfkXJBdSpYgoDj2g=\/0x0:1280x719\/1000x0\/smart\/filters:strip_icc()\/i.s3.glbimg.com\/v1\/AUTH_59edd422c0c84a879bd37670ae4f538a\/internal_photos\/bs\/2021\/1\/5\/T5sjJ7Q5S9ZVGFxz7aVw\/whatsapp-image-2021-07-13-at-07.55.29-1-.jpeg 1000w, https:\/\/s2.glbimg.com\/gwlSMCvfVJGkU5mDJegxi6ygbTs=\/0x0:1280x719\/984x0\/smart\/filters:strip_icc()\/i.s3.glbimg.com\/v1\/AUTH_59edd422c0c84a879bd37670ae4f538a\/internal_photos\/bs\/2021\/1\/5\/T5sjJ7Q5S9ZVGFxz7aVw\/whatsapp-image-2021-07-13-at-07.55.29-1-.jpeg 984w, https:\/\/s2.glbimg.com\/nh2D28DoplCigIxlm96sr9I1ZRo=\/0x0:1280x719\/640x0\/smart\/filters:strip_icc()\/i.s3.glbimg.com\/v1\/AUTH_59edd422c0c84a879bd37670ae4f538a\/internal_photos\/bs\/2021\/1\/5\/T5sjJ7Q5S9ZVGFxz7aVw\/whatsapp-image-2021-07-13-at-07.55.29-1-.jpeg 640w, https:\/\/s2.glbimg.com\/FMwCmxhuTOGmqflfn3MQKckB6iA=\/0x0:1280x719\/600x0\/smart\/filters:strip_icc()\/i.s3.glbimg.com\/v1\/AUTH_59edd422c0c84a879bd37670ae4f538a\/internal_photos\/bs\/2021\/1\/5\/T5sjJ7Q5S9ZVGFxz7aVw\/whatsapp-image-2021-07-13-at-07.55.29-1-.jpeg 600w\" alt=\"Acidente matou dois rapazes na Rodovia Prefeito Homero Severo Lins \u2014 Foto: Jo\u00e3o Martins\/TV Fronteira \" \/><\/figure>\n<\/div>\n<p class=\"content-media__description \">Acidente matou dois rapazes na Rodovia Prefeito Homero Severo Lins \u2014 Foto: Jo\u00e3o Martins\/TV Fronteira<\/p>\n<\/div>\n<\/div>\n<div class=\"mc-column content-text active-extra-styles \" data-block-type=\"unstyled\" data-block-weight=\"14\" data-block-id=\"7\">\n<p class=\"content-text__container \" style=\"text-align: justify;\" data-track-category=\"Link no Texto\" data-track-links=\"\">Duas pessoas ficaram presas nas ferragens e morreram carbonizadas, segundo o Corpo de Bombeiros.<\/p>\n<div class=\"mc-column content-text active-extra-styles \" style=\"text-align: justify;\" data-block-type=\"unstyled\" data-block-weight=\"28\" data-block-id=\"9\">\n<p class=\"content-text__container \" data-track-category=\"Link no Texto\" data-track-links=\"\">A batida ainda deixou cinco pessoas feridas, que foram levadas para a Santa Casa de Miseric\u00f3rdia de Martin\u00f3polis e para o Hospital Regional (HR), em\u00a0<a href=\"https:\/\/g1.globo.com\/sp\/presidente-prudente-regiao\/cidade\/presidente-prudente\/\">Presidente Prudente (SP)<\/a>.<\/p>\n<\/div>\n<div class=\"row medium-uncollapsed content-media content-photo\" style=\"text-align: justify;\" data-block-type=\"backstage-photo\" data-block-id=\"10\">\n<div class=\"mc-column content-media__container\">\n<div class=\"content-media-container glb-skeleton-box\">\n<figure class=\"content-media-figure\"><img decoding=\"async\" class=\"i-amphtml-fill-content i-amphtml-replaced-content\" src=\"https:\/\/s2.glbimg.com\/9cCKjspLkEYNkgaja4EvArQMaHw=\/0x0:1280x719\/984x0\/smart\/filters:strip_icc()\/i.s3.glbimg.com\/v1\/AUTH_59edd422c0c84a879bd37670ae4f538a\/internal_photos\/bs\/2021\/W\/M\/wgJGTkQXGn718n2CU5Mg\/whatsapp-image-2021-07-13-at-08.06.41.jpeg\" sizes=\"(max-width: 1366px) 648px, 100vw\" srcset=\"https:\/\/s2.glbimg.com\/_5Ww2fKRMBdQG8FF1ff0mzkcReQ=\/0x0:1280x719\/1000x0\/smart\/filters:strip_icc()\/i.s3.glbimg.com\/v1\/AUTH_59edd422c0c84a879bd37670ae4f538a\/internal_photos\/bs\/2021\/W\/M\/wgJGTkQXGn718n2CU5Mg\/whatsapp-image-2021-07-13-at-08.06.41.jpeg 1000w, https:\/\/s2.glbimg.com\/9cCKjspLkEYNkgaja4EvArQMaHw=\/0x0:1280x719\/984x0\/smart\/filters:strip_icc()\/i.s3.glbimg.com\/v1\/AUTH_59edd422c0c84a879bd37670ae4f538a\/internal_photos\/bs\/2021\/W\/M\/wgJGTkQXGn718n2CU5Mg\/whatsapp-image-2021-07-13-at-08.06.41.jpeg 984w, https:\/\/s2.glbimg.com\/o2maS_bGbAIRy2DGKSb8SOXHnzI=\/0x0:1280x719\/640x0\/smart\/filters:strip_icc()\/i.s3.glbimg.com\/v1\/AUTH_59edd422c0c84a879bd37670ae4f538a\/internal_photos\/bs\/2021\/W\/M\/wgJGTkQXGn718n2CU5Mg\/whatsapp-image-2021-07-13-at-08.06.41.jpeg 640w, https:\/\/s2.glbimg.com\/Oc7eARqgEJhphlJbuGUefJkTT5M=\/0x0:1280x719\/600x0\/smart\/filters:strip_icc()\/i.s3.glbimg.com\/v1\/AUTH_59edd422c0c84a879bd37670ae4f538a\/internal_photos\/bs\/2021\/W\/M\/wgJGTkQXGn718n2CU5Mg\/whatsapp-image-2021-07-13-at-08.06.41.jpeg 600w\" alt=\"Acidente entre perua e caminh\u00e3o matou dois rapazes na Rodovia Homero Severo Lins \u2014 Foto: Jo\u00e3o Martins\/TV Fronteira \" \/><\/figure>\n<\/div>\n<p class=\"content-media__description \">Acidente entre perua e caminh\u00e3o matou dois rapazes na Rodovia Homero Severo Lins \u2014 Foto: Jo\u00e3o Martins\/TV Fronteira<\/p>\n<\/div>\n<\/div>\n<div class=\"mc-column content-text active-extra-styles \" style=\"text-align: justify;\" data-block-type=\"unstyled\" data-block-weight=\"58\" data-block-id=\"11\">\n<p class=\"content-text__container \" data-track-category=\"Link no Texto\" data-track-links=\"\">Segundo a Pol\u00edcia Militar Rodovi\u00e1ria, o motorista que dirigia a carreta bateu na traseira da perua. A colis\u00e3o, tamb\u00e9m de acordo com a corpora\u00e7\u00e3o, fez com que o condutor da perua perdesse o controle da dire\u00e7\u00e3o e sa\u00edsse da pista, batendo em uma \u00e1rvore na lateral. A perua ainda capotou e pegou fogo na sequ\u00eancia, conforme a pol\u00edcia.<\/p>\n<\/div>\n<div class=\"mc-column content-text active-extra-styles \" style=\"text-align: justify;\" data-block-type=\"unstyled\" data-block-weight=\"22\" data-block-id=\"12\">\n<p class=\"content-text__container \" data-track-category=\"Link no Texto\" data-track-links=\"\">Os dois ve\u00edculos seguiam no sentido leste da rodovia, ou seja, Martin\u00f3polis\u2013Rancharia (SP), quando houve a batida, na altura do km 541,100.<\/p>\n<\/div>\n<div class=\"mc-column content-text active-extra-styles \" style=\"text-align: justify;\" data-block-type=\"unstyled\" data-block-weight=\"35\" data-block-id=\"13\">\n<p class=\"content-text__container \" data-track-category=\"Link no Texto\" data-track-links=\"\">De acordo com o capit\u00e3o Erlon Augusto Pavesi, do Corpo de Bombeiros, em entrevista \u00e0\u00a0<strong>TV Fronteira<\/strong>, a perua levava trabalhadores para uma usina de cana-de-a\u00e7\u00facar e estava ocupada por seis adultos e uma crian\u00e7a.<\/p>\n<\/div>\n<div class=\"mc-column content-text active-extra-styles \" style=\"text-align: justify;\" data-block-type=\"unstyled\" data-block-weight=\"54\" data-block-id=\"14\">\n<p class=\"content-text__container \" data-track-category=\"Link no Texto\" data-track-links=\"\">A crian\u00e7a foi socorrida e levada \u00e0 Santa Casa de Martin\u00f3polis por populares que pararam no local para ajudar no atendimento \u00e0s v\u00edtimas. A menina, de 10 anos, foi transferida para o HR, em Presidente Prudente, e est\u00e1 &#8220;em estado est\u00e1vel&#8221;. O Corpo de Bombeiros informou que ela \u00e9 filha do motorista do ve\u00edculo.<\/p>\n<\/div>\n<div class=\"mc-column content-text active-extra-styles \" style=\"text-align: justify;\" data-block-type=\"unstyled\" data-block-weight=\"34\" data-block-id=\"15\">\n<p class=\"content-text__container \" data-track-category=\"Link no Texto\" data-track-links=\"\">O oficial ainda relatou que entre as v\u00edtimas sobreviventes est\u00e3o o motorista da perua, que sofreu ferimentos de natureza leve, uma pessoa com les\u00f5es consideradas graves, e mais duas pessoas que foram socorridas conscientes.<\/p>\n<p class=\"content-text__container \" data-track-category=\"Link no Texto\" data-track-links=\"\"><span style=\"font-family: inherit; font-size: inherit; font-style: inherit; font-variant-ligatures: inherit; font-variant-caps: inherit; font-weight: inherit; text-align: center;\">O HR comunicou que um homem de 39 anos deu entrada na unidade \u00e0s 7h45 e &#8220;seu estado de sa\u00fade \u00e9 considerado grav\u00edssimo&#8221;.<\/span><\/p>\n<\/div>\n<div class=\"row medium-uncollapsed content-media content-photo\" style=\"text-align: justify;\" data-block-type=\"backstage-photo\" data-block-id=\"18\">\n<div class=\"mc-column content-media__container\">\n<div class=\"content-media-container glb-skeleton-box\">\n<figure class=\"content-media-figure\"><img decoding=\"async\" class=\"i-amphtml-fill-content i-amphtml-replaced-content\" src=\"https:\/\/s2.glbimg.com\/zjXHe1sFiDlwNCNgSDXwHQ2n95A=\/0x0:1280x719\/984x0\/smart\/filters:strip_icc()\/i.s3.glbimg.com\/v1\/AUTH_59edd422c0c84a879bd37670ae4f538a\/internal_photos\/bs\/2021\/i\/3\/Bb4bdRQ5KFpMs91ovqZw\/whatsapp-image-2021-07-13-at-08.20.15.jpeg\" sizes=\"(max-width: 1366px) 648px, 100vw\" srcset=\"https:\/\/s2.glbimg.com\/G3IhZqfYgl95wulGyOmn247kGFc=\/0x0:1280x719\/1000x0\/smart\/filters:strip_icc()\/i.s3.glbimg.com\/v1\/AUTH_59edd422c0c84a879bd37670ae4f538a\/internal_photos\/bs\/2021\/i\/3\/Bb4bdRQ5KFpMs91ovqZw\/whatsapp-image-2021-07-13-at-08.20.15.jpeg 1000w, https:\/\/s2.glbimg.com\/zjXHe1sFiDlwNCNgSDXwHQ2n95A=\/0x0:1280x719\/984x0\/smart\/filters:strip_icc()\/i.s3.glbimg.com\/v1\/AUTH_59edd422c0c84a879bd37670ae4f538a\/internal_photos\/bs\/2021\/i\/3\/Bb4bdRQ5KFpMs91ovqZw\/whatsapp-image-2021-07-13-at-08.20.15.jpeg 984w, https:\/\/s2.glbimg.com\/Bj421oe7fZGuBBMLmaRPDHzcKwQ=\/0x0:1280x719\/640x0\/smart\/filters:strip_icc()\/i.s3.glbimg.com\/v1\/AUTH_59edd422c0c84a879bd37670ae4f538a\/internal_photos\/bs\/2021\/i\/3\/Bb4bdRQ5KFpMs91ovqZw\/whatsapp-image-2021-07-13-at-08.20.15.jpeg 640w, https:\/\/s2.glbimg.com\/felYGgp7TXx7E92uVC-abDr-5WA=\/0x0:1280x719\/600x0\/smart\/filters:strip_icc()\/i.s3.glbimg.com\/v1\/AUTH_59edd422c0c84a879bd37670ae4f538a\/internal_photos\/bs\/2021\/i\/3\/Bb4bdRQ5KFpMs91ovqZw\/whatsapp-image-2021-07-13-at-08.20.15.jpeg 600w\" alt=\"Acidente entre perua e caminh\u00e3o matou dois rapazes na Rodovia Homero Severo Lins \u2014 Foto: Jo\u00e3o Martins\/TV Fronteira \" \/><\/figure>\n<\/div>\n<p class=\"content-media__description \">Acidente entre perua e caminh\u00e3o matou dois rapazes na Rodovia Homero Severo Lins \u2014 Foto: Jo\u00e3o Martins\/TV Fronteira<\/p>\n<\/div>\n<\/div>\n<div class=\"mc-column content-text active-extra-styles \" style=\"text-align: justify;\" data-block-type=\"unstyled\" data-block-weight=\"11\" data-block-id=\"19\">\n<p class=\"content-text__container \" data-track-category=\"Link no Texto\" data-track-links=\"\">No local, o tr\u00e2nsito de ve\u00edculos segue normalmente, apenas com lentid\u00e3o.<\/p>\n<\/div>\n<div class=\"mc-column content-text active-extra-styles \" style=\"text-align: justify;\" data-block-type=\"unstyled\" data-block-weight=\"24\" data-block-id=\"20\">\n<p class=\"content-text__container \" data-track-category=\"Link no Texto\" data-track-links=\"\">Equipes da Pol\u00edcia Militar Rodovi\u00e1ria, do Corpo de Bombeiros e da Concession\u00e1ria Eixo-SP, empresa respons\u00e1vel pela rodovia, foram acionadas para o atendimento da ocorr\u00eancia.<\/p>\n<\/div>\n<div class=\"mc-column content-text active-extra-styles \" data-block-type=\"unstyled\" data-block-weight=\"33\" data-block-id=\"21\">\n<p class=\"content-text__container \" style=\"text-align: justify;\" data-track-category=\"Link no Texto\" data-track-links=\"\">O motorista de 50 anos, que dirigia a carreta, n\u00e3o se feriu. Ele, que \u00e9 morador de\u00a0<a href=\"https:\/\/g1.globo.com\/ms\/mato-grosso-do-sul\/cidade\/itapora\/\">Itapor\u00e3 (MS)<\/a>, foi submetido ao teste do baf\u00f4metro, que n\u00e3o apontou o consumo de bebida alco\u00f3lica.<\/p>\n<div class=\"mc-column content-text active-extra-styles\" style=\"text-align: justify;\" data-block-type=\"raw\" data-block-weight=\"1\" data-block-id=\"23\">\n<div class=\"content-intertitle\">\n<h2>V\u00edtimas<\/h2>\n<\/div>\n<\/div>\n<div class=\"mc-column content-text active-extra-styles \" style=\"text-align: justify;\" data-block-type=\"unstyled\" data-block-weight=\"36\" data-block-id=\"24\">\n<p class=\"content-text__container \" data-track-category=\"Link no Texto\" data-track-links=\"\">As duas v\u00edtimas fatais foram Higor Roberto Souza Rocha, de 20 anos, e Jos\u00e9 Ricardo de Carvalho Paulino, de 21 anos. Ambos eram funcion\u00e1rios da Usina Atena, moravam em Martin\u00f3polis e seguiam como passageiros da perua.<\/p>\n<div class=\"mc-column content-text active-extra-styles \" data-block-type=\"unstyled\" data-block-weight=\"24\" data-block-id=\"26\">\n<p class=\"content-text__container \" data-track-category=\"Link no Texto\" data-track-links=\"\">As demais v\u00edtimas, que tamb\u00e9m estavam na perua, s\u00e3o quatro homens, de 33, 39, 45 e 58 anos, e uma menina, de 10 anos.<\/p>\n<\/div>\n<div class=\"mc-column content-text active-extra-styles \" data-block-type=\"unstyled\" data-block-weight=\"23\" data-block-id=\"27\">\n<p class=\"content-text__container \" data-track-category=\"Link no Texto\" data-track-links=\"\">Ao\u00a0<strong>G1<\/strong>, o delegado da Pol\u00edcia Civil Airton Roberto Guelfi disse que um inqu\u00e9rito policial foi instaurado para investigar as causas do acidente.<\/p>\n<\/div>\n<div class=\"mc-column content-text active-extra-styles \" data-block-type=\"unstyled\" data-block-weight=\"28\" data-block-id=\"28\">\n<p class=\"content-text__container \" data-track-category=\"Link no Texto\" data-track-links=\"\">Al\u00e9m disso, Guelfi informou que o motorista da carreta, ve\u00edculo que colidiu na perua, deve responder por homic\u00eddio culposo, que \u00e9 quando n\u00e3o h\u00e1 a inten\u00e7\u00e3o de matar.<\/p>\n<\/div>\n<div class=\"mc-column content-text active-extra-styles \" data-block-type=\"unstyled\" data-block-weight=\"37\" data-block-id=\"29\">\n<p class=\"content-text__container \" data-track-category=\"Link no Texto\" data-track-links=\"\">&#8220;Instauramos o inqu\u00e9rito, solicitamos per\u00edcia nos corpos, nos ve\u00edculos e tamb\u00e9m no local. Demos in\u00edcio \u00e0s oitivas e j\u00e1 falamos com o motorista da carreta, que vai ser indiciado por homic\u00eddio culposo&#8221;, explicou o delegado ao\u00a0<strong>G1<\/strong>.<\/p>\n<\/div>\n<div class=\"mc-column content-text active-extra-styles \" data-block-type=\"unstyled\" data-block-weight=\"14\" data-block-id=\"30\">\n<p class=\"content-text__container \" data-track-category=\"Link no Texto\" data-track-links=\"\">O delegado tamb\u00e9m falou que os familiares das v\u00edtimas ainda n\u00e3o foram ouvidos oficialmente.<\/p>\n<\/div>\n<div class=\"mc-column content-text active-extra-styles \" data-block-type=\"unstyled\" data-block-weight=\"30\" data-block-id=\"31\">\n<p class=\"content-text__container \" data-track-category=\"Link no Texto\" data-track-links=\"\">&#8220;Por conta do choque, de toda a situa\u00e7\u00e3o, optamos por esperar. At\u00e9 porque esses familiares perderam pais de fam\u00edlias que sa\u00edram para trabalhar e n\u00e3o ir\u00e3o voltar nunca mais&#8221;, lamentou.<\/p>\n<\/div>\n<div class=\"mc-column content-text active-extra-styles \" data-block-type=\"unstyled\" data-block-weight=\"27\" data-block-id=\"32\">\n<p class=\"content-text__container \" data-track-category=\"Link no Texto\" data-track-links=\"\">Os ocupantes da perua eram funcion\u00e1rios de uma usina de a\u00e7\u00facar e \u00e1lcool, em Martin\u00f3polis, exceto o motorista e a filha dele, que tamb\u00e9m estavam no ve\u00edculo.<\/p>\n<\/div>\n<div class=\"mc-column content-text active-extra-styles \" data-block-type=\"unstyled\" data-block-weight=\"12\" data-block-id=\"33\">\n<p class=\"content-text__container \" data-track-category=\"Link no Texto\" data-track-links=\"\">O ve\u00edculo era respons\u00e1vel pelo transporte dos trabalhadores at\u00e9 a empresa.<\/p>\n<\/div>\n<div class=\"bs-video-block mc-column  content-media content-video\" data-block-type=\"backstage-video\" data-block-id=\"34\">\n<div class=\"content-media__container\">\n<div class=\"content-video__bigger-player-description-fixer\">\n<article class=\"content-video\">\n<section class=\"content-video__video-container\">\n<div class=\"content-video__video\">\n<div class=\"content-video__placeholder content-video__placeholder--clean\" data-video-id=\"9683041\">\n<div class=\"mc-column content-text active-extra-styles\" data-block-type=\"raw\" data-block-weight=\"4\" data-block-id=\"35\">\n<div class=\"content-intertitle\">\n<h2>Trabalhadores da colheita mec\u00e2nica<\/h2>\n<\/div>\n<\/div>\n<div class=\"mc-column content-text active-extra-styles \" data-block-type=\"unstyled\" data-block-weight=\"40\" data-block-id=\"36\">\n<p class=\"content-text__container \" data-track-category=\"Link no Texto\" data-track-links=\"\">Conforme o gerente administrativo da Usina Atena, Renato Barros, as v\u00edtimas s\u00e3o funcion\u00e1rias da empresa e atuam no setor de colheita mec\u00e2nica. Ele afirmou ao\u00a0<strong>G1<\/strong> que o transporte dos trabalhadores \u00e9 feito diariamente por uma empresa terceirizada de Martin\u00f3polis.<\/p>\n<p class=\"content-text__container \" data-track-category=\"Link no Texto\" data-track-links=\"\">&#8220;<span style=\"font-family: inherit; font-size: inherit; font-style: inherit; font-variant-ligatures: inherit; font-variant-caps: inherit; font-weight: inherit; text-align: center;\">N\u00e3o temos muitas informa\u00e7\u00f5es, mas infelizmente houve essas mortes. Estamos acompanhando a situa\u00e7\u00e3o das v\u00edtimas e dando suporte \u00e0s fam\u00edlias&#8221;, explicou.<\/span><\/p>\n<\/div>\n<div class=\"mc-column content-text active-extra-styles \" data-block-type=\"unstyled\" data-block-weight=\"27\" data-block-id=\"39\">\n<p class=\"content-text__container \" data-track-category=\"Link no Texto\" data-track-links=\"\">Sobre a crian\u00e7a socorrida junto aos adultos, ele disse que n\u00e3o tem conhecimento. Barros disse tamb\u00e9m que o pr\u00f3prio dono dessa empresa terceirizada estava dirigindo o ve\u00edculo.<\/p>\n<\/div>\n<div class=\"mc-column content-text active-extra-styles \" data-block-type=\"unstyled\" data-block-weight=\"20\" data-block-id=\"40\">\n<p class=\"content-text__container \" data-track-category=\"Link no Texto\" data-track-links=\"\">A Usina Atena, que fabrica a\u00e7\u00facar e etanol, est\u00e1 localizada no km 6 da Rodovia Homero Severo Lins, em Martin\u00f3polis.<\/p>\n<\/div>\n<div class=\"row medium-uncollapsed content-media content-photo\" data-block-type=\"backstage-photo\" data-block-id=\"41\">\n<div class=\"mc-column content-media__container\">\n<div class=\"content-media-container glb-skeleton-box\">\n<figure class=\"content-media-figure\"><img decoding=\"async\" class=\"i-amphtml-fill-content i-amphtml-replaced-content\" src=\"https:\/\/s2.glbimg.com\/UvhTfxgoj2F7hy18fqeY9J6tjgg=\/0x0:1280x719\/984x0\/smart\/filters:strip_icc()\/i.s3.glbimg.com\/v1\/AUTH_59edd422c0c84a879bd37670ae4f538a\/internal_photos\/bs\/2021\/p\/Q\/O4RjmtSkG4zc6LsqerHA\/whatsapp-image-2021-07-13-at-08.29.03.jpeg\" sizes=\"(max-width: 1366px) 648px, 100vw\" srcset=\"https:\/\/s2.glbimg.com\/LxFSG1Y6EDux5KOOcitanvY8xNI=\/0x0:1280x719\/1000x0\/smart\/filters:strip_icc()\/i.s3.glbimg.com\/v1\/AUTH_59edd422c0c84a879bd37670ae4f538a\/internal_photos\/bs\/2021\/p\/Q\/O4RjmtSkG4zc6LsqerHA\/whatsapp-image-2021-07-13-at-08.29.03.jpeg 1000w, https:\/\/s2.glbimg.com\/UvhTfxgoj2F7hy18fqeY9J6tjgg=\/0x0:1280x719\/984x0\/smart\/filters:strip_icc()\/i.s3.glbimg.com\/v1\/AUTH_59edd422c0c84a879bd37670ae4f538a\/internal_photos\/bs\/2021\/p\/Q\/O4RjmtSkG4zc6LsqerHA\/whatsapp-image-2021-07-13-at-08.29.03.jpeg 984w, https:\/\/s2.glbimg.com\/clTyJaNhmLo1sov97HoHw8FPL_g=\/0x0:1280x719\/640x0\/smart\/filters:strip_icc()\/i.s3.glbimg.com\/v1\/AUTH_59edd422c0c84a879bd37670ae4f538a\/internal_photos\/bs\/2021\/p\/Q\/O4RjmtSkG4zc6LsqerHA\/whatsapp-image-2021-07-13-at-08.29.03.jpeg 640w, https:\/\/s2.glbimg.com\/_6b-xdQrFbFDdSyEHREkf3YCd5c=\/0x0:1280x719\/600x0\/smart\/filters:strip_icc()\/i.s3.glbimg.com\/v1\/AUTH_59edd422c0c84a879bd37670ae4f538a\/internal_photos\/bs\/2021\/p\/Q\/O4RjmtSkG4zc6LsqerHA\/whatsapp-image-2021-07-13-at-08.29.03.jpeg 600w\" alt=\"Acidente matou dois rapazes na Rodovia Prefeito Homero Severo Lins \u2014 Foto: Pol\u00edcia Rodovi\u00e1ria\" \/><\/figure>\n<\/div>\n<p class=\"content-media__description \">Acidente matou dois rapazes na Rodovia Prefeito Homero Severo Lins \u2014 Foto: Pol\u00edcia Rodovi\u00e1ria<\/p>\n<\/div>\n<\/div>\n<div class=\"row medium-uncollapsed content-media content-photo\" data-block-type=\"backstage-photo\" data-block-id=\"42\">\n<div class=\"mc-column content-media__container\">\n<div class=\"content-media-container glb-skeleton-box\">\n<figure class=\"content-media-figure\"><img decoding=\"async\" class=\"i-amphtml-fill-content i-amphtml-replaced-content\" src=\"https:\/\/s2.glbimg.com\/RF5fQ1owkPFp0uE3YfCqdUM2vGI=\/0x0:1280x960\/984x0\/smart\/filters:strip_icc()\/i.s3.glbimg.com\/v1\/AUTH_59edd422c0c84a879bd37670ae4f538a\/internal_photos\/bs\/2021\/d\/G\/Gy72pBQjSQJYEXEHsUcg\/pm-rod-2.jpg\" sizes=\"(max-width: 1366px) 648px, 100vw\" srcset=\"https:\/\/s2.glbimg.com\/UsaU-ZkvVE9i4rGHgCAHDgEMHsU=\/0x0:1280x960\/1000x0\/smart\/filters:strip_icc()\/i.s3.glbimg.com\/v1\/AUTH_59edd422c0c84a879bd37670ae4f538a\/internal_photos\/bs\/2021\/d\/G\/Gy72pBQjSQJYEXEHsUcg\/pm-rod-2.jpg 1000w, https:\/\/s2.glbimg.com\/RF5fQ1owkPFp0uE3YfCqdUM2vGI=\/0x0:1280x960\/984x0\/smart\/filters:strip_icc()\/i.s3.glbimg.com\/v1\/AUTH_59edd422c0c84a879bd37670ae4f538a\/internal_photos\/bs\/2021\/d\/G\/Gy72pBQjSQJYEXEHsUcg\/pm-rod-2.jpg 984w, https:\/\/s2.glbimg.com\/SOLGV7Srgt0Bf7-2C15mFHb4Ozk=\/0x0:1280x960\/640x0\/smart\/filters:strip_icc()\/i.s3.glbimg.com\/v1\/AUTH_59edd422c0c84a879bd37670ae4f538a\/internal_photos\/bs\/2021\/d\/G\/Gy72pBQjSQJYEXEHsUcg\/pm-rod-2.jpg 640w, https:\/\/s2.glbimg.com\/f_j-D1IZJtXEWLS3dFS6jAgcVp0=\/0x0:1280x960\/600x0\/smart\/filters:strip_icc()\/i.s3.glbimg.com\/v1\/AUTH_59edd422c0c84a879bd37670ae4f538a\/internal_photos\/bs\/2021\/d\/G\/Gy72pBQjSQJYEXEHsUcg\/pm-rod-2.jpg 600w\" alt=\"Acidente matou dois rapazes na Rodovia Prefeito Homero Severo Lins \u2014 Foto: Pol\u00edcia Rodovi\u00e1ria\" \/><\/figure>\n<\/div>\n<p class=\"content-media__description \">Acidente matou dois rapazes na Rodovia Prefeito Homero Severo Lins \u2014 Foto: Pol\u00edcia Rodovi\u00e1ria<\/p>\n<\/div>\n<\/div>\n<div class=\"row medium-uncollapsed content-media content-photo\" data-block-type=\"backstage-photo\" data-block-id=\"43\">\n<div class=\"mc-column content-media__container\">\n<div class=\"content-media-container glb-skeleton-box\">\n<figure class=\"content-media-figure\"><img decoding=\"async\" class=\"i-amphtml-fill-content i-amphtml-replaced-content\" src=\"https:\/\/s2.glbimg.com\/TGTL5s8IqAHpi6M45x1Il_6VZCs=\/0x0:1280x719\/984x0\/smart\/filters:strip_icc()\/i.s3.glbimg.com\/v1\/AUTH_59edd422c0c84a879bd37670ae4f538a\/internal_photos\/bs\/2021\/N\/R\/Y3R6bOSZqZYIvecZEAqA\/whatsapp-image-2021-07-13-at-08.08.39.jpeg\" sizes=\"(max-width: 1366px) 648px, 100vw\" srcset=\"https:\/\/s2.glbimg.com\/WFH7FHVIrm0U4J78OfR3v9nVsqo=\/0x0:1280x719\/1000x0\/smart\/filters:strip_icc()\/i.s3.glbimg.com\/v1\/AUTH_59edd422c0c84a879bd37670ae4f538a\/internal_photos\/bs\/2021\/N\/R\/Y3R6bOSZqZYIvecZEAqA\/whatsapp-image-2021-07-13-at-08.08.39.jpeg 1000w, https:\/\/s2.glbimg.com\/TGTL5s8IqAHpi6M45x1Il_6VZCs=\/0x0:1280x719\/984x0\/smart\/filters:strip_icc()\/i.s3.glbimg.com\/v1\/AUTH_59edd422c0c84a879bd37670ae4f538a\/internal_photos\/bs\/2021\/N\/R\/Y3R6bOSZqZYIvecZEAqA\/whatsapp-image-2021-07-13-at-08.08.39.jpeg 984w, https:\/\/s2.glbimg.com\/6Tpiu2UtkkLYHoR3sXRiv8XBuf0=\/0x0:1280x719\/640x0\/smart\/filters:strip_icc()\/i.s3.glbimg.com\/v1\/AUTH_59edd422c0c84a879bd37670ae4f538a\/internal_photos\/bs\/2021\/N\/R\/Y3R6bOSZqZYIvecZEAqA\/whatsapp-image-2021-07-13-at-08.08.39.jpeg 640w, https:\/\/s2.glbimg.com\/fCU6Yf2di5bfgEQyJTkA2YYQ3Gk=\/0x0:1280x719\/600x0\/smart\/filters:strip_icc()\/i.s3.glbimg.com\/v1\/AUTH_59edd422c0c84a879bd37670ae4f538a\/internal_photos\/bs\/2021\/N\/R\/Y3R6bOSZqZYIvecZEAqA\/whatsapp-image-2021-07-13-at-08.08.39.jpeg 600w\" alt=\"Acidente entre perua e caminh\u00e3o matou dois rapazes na Rodovia Homero Severo Lins \u2014 Foto: Jo\u00e3o Martins\/TV Fronteira\" \/><\/figure>\n<\/div>\n<p class=\"content-media__description \">Acidente entre perua e caminh\u00e3o matou dois rapazes na Rodovia Homero Severo Lins \u2014 Foto: Jo\u00e3o Martins\/TV Fronteira<\/p>\n<\/div>\n<\/div>\n<div class=\"content-ads content-ads--reveal\" data-block-type=\"ads\" data-block-id=\"44\">\n<div id=\"banner_materia__dc05a218-d96e-4e65-8404-01664c28b2c8\" class=\"tag-manager-publicidade-container mc-has-reveal mc-has-ad-lazyload tag-manager-publicidade-banner_materia__dc05a218-d96e-4e65-8404-01664c28b2c8 tag-manager-publicidade-container--carregado tag-manager-publicidade-container--visivel\" data-id=\"banner_materia__dc05a218-d96e-4e65-8404-01664c28b2c8\" data-req=\"true\" data-google-query-id=\"CJa_v6iX4fECFegxuQYdrCkIMw\" data-cid=\"138354785178\" data-lid=\"5729732337\">\n<div id=\"google_ads_iframe_\/95377733\/tvg_G1\/Sua_Regiao&gt;Sudeste&gt;Sao_Paulo_(Pres_Prudente)_7__container__\" style=\"box-sizing: inherit; margin: auto; padding: 0px; border: 0pt none; font: inherit; vertical-align: initial; max-width: 100%; text-align: center; width: 970px; height: 250px;\"><img decoding=\"async\" class=\"i-amphtml-fill-content i-amphtml-replaced-content\" src=\"https:\/\/s2.glbimg.com\/VU13gDqeG0AM6qwFxJpbStDtJHg=\/0x0:1280x719\/984x0\/smart\/filters:strip_icc()\/i.s3.glbimg.com\/v1\/AUTH_59edd422c0c84a879bd37670ae4f538a\/internal_photos\/bs\/2021\/B\/m\/LsizfgSNSB8WybivVpVg\/whatsapp-image-2021-07-13-at-07.55.30.jpeg\" sizes=\"(max-width: 1366px) 648px, 100vw\" srcset=\"https:\/\/s2.glbimg.com\/OTWAQOmDz0YNL0527I6oygWrS8w=\/0x0:1280x719\/1000x0\/smart\/filters:strip_icc()\/i.s3.glbimg.com\/v1\/AUTH_59edd422c0c84a879bd37670ae4f538a\/internal_photos\/bs\/2021\/B\/m\/LsizfgSNSB8WybivVpVg\/whatsapp-image-2021-07-13-at-07.55.30.jpeg 1000w, https:\/\/s2.glbimg.com\/VU13gDqeG0AM6qwFxJpbStDtJHg=\/0x0:1280x719\/984x0\/smart\/filters:strip_icc()\/i.s3.glbimg.com\/v1\/AUTH_59edd422c0c84a879bd37670ae4f538a\/internal_photos\/bs\/2021\/B\/m\/LsizfgSNSB8WybivVpVg\/whatsapp-image-2021-07-13-at-07.55.30.jpeg 984w, https:\/\/s2.glbimg.com\/g9n71cnZATiRxBi-dGsU-jUdw9M=\/0x0:1280x719\/640x0\/smart\/filters:strip_icc()\/i.s3.glbimg.com\/v1\/AUTH_59edd422c0c84a879bd37670ae4f538a\/internal_photos\/bs\/2021\/B\/m\/LsizfgSNSB8WybivVpVg\/whatsapp-image-2021-07-13-at-07.55.30.jpeg 640w, https:\/\/s2.glbimg.com\/JslXlmNjkCFBz6Guwt3km0_m2L4=\/0x0:1280x719\/600x0\/smart\/filters:strip_icc()\/i.s3.glbimg.com\/v1\/AUTH_59edd422c0c84a879bd37670ae4f538a\/internal_photos\/bs\/2021\/B\/m\/LsizfgSNSB8WybivVpVg\/whatsapp-image-2021-07-13-at-07.55.30.jpeg 600w\" alt=\"Acidente matou dois rapazes na Rodovia Prefeito Homero Severo Lins \u2014 Foto: Jo\u00e3o Martins\/TV Fronteira \" \/><\/div>\n<\/div>\n<\/div>\n<div class=\"row medium-uncollapsed content-media content-photo\" data-block-type=\"backstage-photo\" data-block-id=\"45\">\n<div class=\"mc-column content-media__container\">\n<p class=\"content-media__description \">Acidente matou dois rapazes na Rodovia Prefeito Homero Severo Lins \u2014 Foto: Jo\u00e3o Martins\/TV Fronteira<\/p>\n<\/div>\n<\/div>\n<div class=\"row medium-uncollapsed content-media content-photo\" data-block-type=\"backstage-photo\" data-block-id=\"46\">\n<div class=\"mc-column content-media__container\">\n<div class=\"content-media-container glb-skeleton-box\">\n<figure class=\"content-media-figure\"><img decoding=\"async\" class=\"i-amphtml-fill-content i-amphtml-replaced-content\" src=\"https:\/\/s2.glbimg.com\/GDxxg83IhSQIRsdBUGSibU8Rk7g=\/0x0:1280x719\/984x0\/smart\/filters:strip_icc()\/i.s3.glbimg.com\/v1\/AUTH_59edd422c0c84a879bd37670ae4f538a\/internal_photos\/bs\/2021\/r\/D\/YroWucTU6SAtEvo83BFg\/whatsapp-image-2021-07-13-at-07.55.30-2-.jpeg\" sizes=\"(max-width: 1366px) 648px, 100vw\" srcset=\"https:\/\/s2.glbimg.com\/j4vjQQaBxxiTkerOXgWX5_OunR0=\/0x0:1280x719\/1000x0\/smart\/filters:strip_icc()\/i.s3.glbimg.com\/v1\/AUTH_59edd422c0c84a879bd37670ae4f538a\/internal_photos\/bs\/2021\/r\/D\/YroWucTU6SAtEvo83BFg\/whatsapp-image-2021-07-13-at-07.55.30-2-.jpeg 1000w, https:\/\/s2.glbimg.com\/GDxxg83IhSQIRsdBUGSibU8Rk7g=\/0x0:1280x719\/984x0\/smart\/filters:strip_icc()\/i.s3.glbimg.com\/v1\/AUTH_59edd422c0c84a879bd37670ae4f538a\/internal_photos\/bs\/2021\/r\/D\/YroWucTU6SAtEvo83BFg\/whatsapp-image-2021-07-13-at-07.55.30-2-.jpeg 984w, https:\/\/s2.glbimg.com\/5zmRE6A0bSf6nEEwGhp3575qNVw=\/0x0:1280x719\/640x0\/smart\/filters:strip_icc()\/i.s3.glbimg.com\/v1\/AUTH_59edd422c0c84a879bd37670ae4f538a\/internal_photos\/bs\/2021\/r\/D\/YroWucTU6SAtEvo83BFg\/whatsapp-image-2021-07-13-at-07.55.30-2-.jpeg 640w, https:\/\/s2.glbimg.com\/qyNoXynn9Wa16wibpVXKgyqU7vg=\/0x0:1280x719\/600x0\/smart\/filters:strip_icc()\/i.s3.glbimg.com\/v1\/AUTH_59edd422c0c84a879bd37670ae4f538a\/internal_photos\/bs\/2021\/r\/D\/YroWucTU6SAtEvo83BFg\/whatsapp-image-2021-07-13-at-07.55.30-2-.jpeg 600w\" alt=\"Acidente matou dois rapazes na Rodovia Prefeito Homero Severo Lins \u2014 Foto: Jo\u00e3o Martins\/TV Fronteira\" \/><\/figure>\n<\/div>\n<p class=\"content-media__description \">Acidente matou dois rapazes na Rodovia Prefeito Homero Severo Lins \u2014 Foto: Jo\u00e3o Martins\/TV Fronteira<\/p>\n<\/div>\n<\/div>\n<div class=\"row medium-uncollapsed content-media content-photo\" data-block-type=\"backstage-photo\" data-block-id=\"47\">\n<div class=\"mc-column content-media__container\">\n<div class=\"content-media-container glb-skeleton-box\">\n<figure class=\"content-media-figure\"><img decoding=\"async\" class=\"i-amphtml-fill-content i-amphtml-replaced-content\" src=\"https:\/\/s2.glbimg.com\/e1ug0PY4hr5ytWXr-PMIbIWkQB4=\/0x0:1280x719\/984x0\/smart\/filters:strip_icc()\/i.s3.glbimg.com\/v1\/AUTH_59edd422c0c84a879bd37670ae4f538a\/internal_photos\/bs\/2021\/L\/r\/48eBrGQwmfhFOngZXCDw\/whatsapp-image-2021-07-13-at-08.06.38.jpeg\" sizes=\"(max-width: 1366px) 648px, 100vw\" srcset=\"https:\/\/s2.glbimg.com\/fOGn0UK79zWq7xMM-pr0IfZ1Dsg=\/0x0:1280x719\/1000x0\/smart\/filters:strip_icc()\/i.s3.glbimg.com\/v1\/AUTH_59edd422c0c84a879bd37670ae4f538a\/internal_photos\/bs\/2021\/L\/r\/48eBrGQwmfhFOngZXCDw\/whatsapp-image-2021-07-13-at-08.06.38.jpeg 1000w, https:\/\/s2.glbimg.com\/e1ug0PY4hr5ytWXr-PMIbIWkQB4=\/0x0:1280x719\/984x0\/smart\/filters:strip_icc()\/i.s3.glbimg.com\/v1\/AUTH_59edd422c0c84a879bd37670ae4f538a\/internal_photos\/bs\/2021\/L\/r\/48eBrGQwmfhFOngZXCDw\/whatsapp-image-2021-07-13-at-08.06.38.jpeg 984w, https:\/\/s2.glbimg.com\/WGKQhaa9uuxVn0-AFbtYOICfIy8=\/0x0:1280x719\/640x0\/smart\/filters:strip_icc()\/i.s3.glbimg.com\/v1\/AUTH_59edd422c0c84a879bd37670ae4f538a\/internal_photos\/bs\/2021\/L\/r\/48eBrGQwmfhFOngZXCDw\/whatsapp-image-2021-07-13-at-08.06.38.jpeg 640w, https:\/\/s2.glbimg.com\/FKNkOCaD6aEeGEq320yShIu39DQ=\/0x0:1280x719\/600x0\/smart\/filters:strip_icc()\/i.s3.glbimg.com\/v1\/AUTH_59edd422c0c84a879bd37670ae4f538a\/internal_photos\/bs\/2021\/L\/r\/48eBrGQwmfhFOngZXCDw\/whatsapp-image-2021-07-13-at-08.06.38.jpeg 600w\" alt=\"Acidente entre perua e caminh\u00e3o matou dois rapazes na Rodovia Homero Severo Lins \u2014 Foto: Jo\u00e3o Martins\/TV Fronteira \" \/><\/figure>\n<\/div>\n<p class=\"content-media__description \">Acidente entre perua e caminh\u00e3o matou dois rapazes na Rodovia Homero Severo Lins \u2014 Foto: Jo\u00e3o Martins\/TV Fronteira<\/p>\n<p>Fonte: G1<\/p>\n<\/div>\n<\/div>\n<\/div>\n<\/div>\n<\/section>\n<\/article>\n<\/div>\n<\/div>\n<\/div>\n<\/div>\n<div class=\"content-ads content-ads--reveal\" data-block-type=\"ads\" data-block-id=\"25\">\n<div id=\"banner_materia__842449b3-b44c-4604-9918-74b5ce68e2f3\" class=\"tag-manager-publicidade-container mc-has-reveal mc-has-ad-lazyload tag-manager-publicidade-banner_materia__842449b3-b44c-4604-9918-74b5ce68e2f3 tag-manager-publicidade-container--carregado tag-manager-publicidade-container--visivel\" style=\"text-align: justify;\" data-id=\"banner_materia__842449b3-b44c-4604-9918-74b5ce68e2f3\" data-req=\"true\" data-google-query-id=\"CICt3oaX4fECFQ00uQYdrUAGKQ\" data-cid=\"138354723683\" data-lid=\"5732533351\"><\/div>\n<\/div>\n<\/div>\n<\/div>\n<\/div>\n<\/article>\n<\/div>\n","protected":false},"excerpt":{"rendered":"<p>Outras cinco pessoas ficaram feridas ap\u00f3s a batida que envolveu uma carreta e uma perua, em Martin\u00f3polis, na manh\u00e3 desta ter\u00e7a-feira (13). Acidente matou dois rapazes na Rodovia Prefeito Homero Severo Lins \u2014 Foto: Jo\u00e3o Martins\/TV Fronteira Um acidente de tr\u00e2nsito matou dois rapazes, de 20 e 21 anos, na Rodovia Prefeito Homero Severo Lins [&hellip;]<\/p>\n","protected":false},"author":1,"featured_media":50736,"comment_status":"closed","ping_status":"open","sticky":false,"template":"","format":"standard","meta":{"footnotes":""},"categories":[170,110],"tags":[],"class_list":["post-50735","post","type-post","status-publish","format-standard","has-post-thumbnail","hentry","category-acidentes","category-noticiasdestaque"],"_links":{"self":[{"href":"https:\/\/jorgezanoni.com.br\/2019\/wp-json\/wp\/v2\/posts\/50735","targetHints":{"allow":["GET"]}}],"collection":[{"href":"https:\/\/jorgezanoni.com.br\/2019\/wp-json\/wp\/v2\/posts"}],"about":[{"href":"https:\/\/jorgezanoni.com.br\/2019\/wp-json\/wp\/v2\/types\/post"}],"author":[{"embeddable":true,"href":"https:\/\/jorgezanoni.com.br\/2019\/wp-json\/wp\/v2\/users\/1"}],"replies":[{"embeddable":true,"href":"https:\/\/jorgezanoni.com.br\/2019\/wp-json\/wp\/v2\/comments?post=50735"}],"version-history":[{"count":0,"href":"https:\/\/jorgezanoni.com.br\/2019\/wp-json\/wp\/v2\/posts\/50735\/revisions"}],"wp:featuredmedia":[{"embeddable":true,"href":"https:\/\/jorgezanoni.com.br\/2019\/wp-json\/wp\/v2\/media\/50736"}],"wp:attachment":[{"href":"https:\/\/jorgezanoni.com.br\/2019\/wp-json\/wp\/v2\/media?parent=50735"}],"wp:term":[{"taxonomy":"category","embeddable":true,"href":"https:\/\/jorgezanoni.com.br\/2019\/wp-json\/wp\/v2\/categories?post=50735"},{"taxonomy":"post_tag","embeddable":true,"href":"https:\/\/jorgezanoni.com.br\/2019\/wp-json\/wp\/v2\/tags?post=50735"}],"curies":[{"name":"wp","href":"https:\/\/api.w.org\/{rel}","templated":true}]}}