{"id":50732,"date":"2021-07-13T23:05:26","date_gmt":"2021-07-13T23:05:26","guid":{"rendered":"https:\/\/jorgezanoni.com.br\/2019\/?p=50732"},"modified":"2021-07-13T23:05:26","modified_gmt":"2021-07-13T23:05:26","slug":"prefeitura-anuncia-que-vai-abrir-licitacao-para-a-exploracao-do-servico-de-zona-azul-em-dracena","status":"publish","type":"post","link":"https:\/\/jorgezanoni.com.br\/2019\/prefeitura-anuncia-que-vai-abrir-licitacao-para-a-exploracao-do-servico-de-zona-azul-em-dracena\/","title":{"rendered":"Prefeitura anuncia que vai abrir licita\u00e7\u00e3o para a explora\u00e7\u00e3o do servi\u00e7o de Zona Azul em Dracena"},"content":{"rendered":"<h2 class=\"content-head__subtitle\" style=\"text-align: justify;\"><strong>An\u00fancio foi feito ap\u00f3s aprova\u00e7\u00e3o de um projeto de lei na C\u00e2mara Municipal durante uma sess\u00e3o extraordin\u00e1ria.<\/strong><\/h2>\n<div class=\"mc-column content-text active-extra-styles \" data-block-type=\"unstyled\" data-block-weight=\"34\" data-block-id=\"2\">\n<p class=\"content-text__container \" style=\"text-align: justify;\" data-track-category=\"Link no Texto\" data-track-links=\"\">A Prefeitura de\u00a0<a href=\"https:\/\/g1.globo.com\/sp\/presidente-prudente-regiao\/cidade\/dracena\/\">Dracena\u00a0<\/a>anunciou nesta ter\u00e7a-feira (13) que vai abrir um processo de licita\u00e7\u00e3o para contrata\u00e7\u00e3o de uma empresa privada para explorar o servi\u00e7o de estacionamento rotativo, denominado de Zona Azul, no munic\u00edpio.<\/p>\n<\/div>\n<div class=\"wall protected-content\">\n<div class=\"mc-column content-text active-extra-styles \" style=\"text-align: justify;\" data-block-type=\"unstyled\" data-block-weight=\"29\" data-block-id=\"3\">\n<p class=\"content-text__container \" data-track-category=\"Link no Texto\" data-track-links=\"\">O an\u00fancio foi feito ap\u00f3s a aprova\u00e7\u00e3o de um projeto de lei, de autoria do pr\u00f3prio Poder Executivo, pela C\u00e2mara Municipal em uma sess\u00e3o extraordin\u00e1ria realizada nesta segunda-feira (12).<\/p>\n<\/div>\n<div class=\"mc-column content-text active-extra-styles \" style=\"text-align: justify;\" data-block-type=\"unstyled\" data-block-weight=\"15\" data-block-id=\"4\">\n<p class=\"content-text__container \" data-track-category=\"Link no Texto\" data-track-links=\"\">De acordo com a Prefeitura, o servi\u00e7o est\u00e1 suspenso na cidade desde o ano passado.<\/p>\n<\/div>\n<div class=\"mc-column content-text active-extra-styles \" style=\"text-align: justify;\" data-block-type=\"unstyled\" data-block-weight=\"98\" data-block-id=\"5\">\n<p class=\"content-text__container \" data-track-category=\"Link no Texto\" data-track-links=\"\">\u201cA finalidade \u00e9 a reorganiza\u00e7\u00e3o do tr\u00e2nsito no Centro da cidade, buscando atender as necessidades da popula\u00e7\u00e3o, em especial consumidores que ter\u00e3o mais vagas para estacionar seus ve\u00edculos na regi\u00e3o central da cidade, modernizando o tr\u00e2nsito local, bem como fomentando o com\u00e9rcio local. Assim, o sistema de Zona Azul vai democratizar o estacionamento na \u00e1rea central, isso devido \u00e0 rotatividade e organiza\u00e7\u00e3o, permitindo o uso racional das vagas, para que o maior n\u00famero poss\u00edvel de usu\u00e1rios possa usufruir do sistema em condi\u00e7\u00f5es de igualdade que as novas regras possibilitam aos condutores\u201d, explicou o prefeito Andr\u00e9 Kozan Lemos (PATRIOTA).<\/p>\n<\/div>\n<div class=\"mc-column content-text active-extra-styles \" style=\"text-align: justify;\" data-block-type=\"unstyled\" data-block-weight=\"12\" data-block-id=\"6\">\n<p class=\"content-text__container \" data-track-category=\"Link no Texto\" data-track-links=\"\">Conforme a Prefeitura, ainda n\u00e3o h\u00e1 prazo para a abertura da licita\u00e7\u00e3o.<\/p>\n<\/div>\n<div class=\"row medium-uncollapsed content-media content-photo\" data-block-type=\"backstage-photo\" data-block-id=\"7\">\n<div class=\"mc-column content-media__container\">\n<div class=\"content-media-container glb-skeleton-box\" style=\"text-align: justify;\">\n<figure class=\"content-media-figure\"><img decoding=\"async\" class=\"i-amphtml-fill-content i-amphtml-replaced-content\" src=\"https:\/\/s2.glbimg.com\/79Bd9ZAWJ5Z6l6LJes9PoyGktAY=\/0x0:1898x959\/984x0\/smart\/filters:strip_icc()\/i.s3.glbimg.com\/v1\/AUTH_59edd422c0c84a879bd37670ae4f538a\/internal_photos\/bs\/2021\/6\/2\/ExyrduQ72nWFTkEZ36Tw\/zona-azul-dracena-1.jpg\" sizes=\"(max-width: 1366px) 648px, 100vw\" srcset=\"https:\/\/s2.glbimg.com\/KqGB_hTyECQe_xwTKZ0Ht90g3jI=\/0x0:1898x959\/1000x0\/smart\/filters:strip_icc()\/i.s3.glbimg.com\/v1\/AUTH_59edd422c0c84a879bd37670ae4f538a\/internal_photos\/bs\/2021\/6\/2\/ExyrduQ72nWFTkEZ36Tw\/zona-azul-dracena-1.jpg 1000w, https:\/\/s2.glbimg.com\/79Bd9ZAWJ5Z6l6LJes9PoyGktAY=\/0x0:1898x959\/984x0\/smart\/filters:strip_icc()\/i.s3.glbimg.com\/v1\/AUTH_59edd422c0c84a879bd37670ae4f538a\/internal_photos\/bs\/2021\/6\/2\/ExyrduQ72nWFTkEZ36Tw\/zona-azul-dracena-1.jpg 984w, https:\/\/s2.glbimg.com\/zpqvsvUhpt0--lm4di1nQtPssLY=\/0x0:1898x959\/640x0\/smart\/filters:strip_icc()\/i.s3.glbimg.com\/v1\/AUTH_59edd422c0c84a879bd37670ae4f538a\/internal_photos\/bs\/2021\/6\/2\/ExyrduQ72nWFTkEZ36Tw\/zona-azul-dracena-1.jpg 640w, https:\/\/s2.glbimg.com\/64mPUymEcfxRtLliyfcgNc2-jHs=\/0x0:1898x959\/600x0\/smart\/filters:strip_icc()\/i.s3.glbimg.com\/v1\/AUTH_59edd422c0c84a879bd37670ae4f538a\/internal_photos\/bs\/2021\/6\/2\/ExyrduQ72nWFTkEZ36Tw\/zona-azul-dracena-1.jpg 600w\" alt=\"Zona Azul em Dracena (SP) \u2014 Foto: TV Fronteira\/Reprodu\u00e7\u00e3o\" \/><\/figure>\n<\/div>\n<p class=\"content-media__description \" style=\"text-align: justify;\">Zona Azul em Dracena (SP) \u2014 Foto: TV Fronteira\/Reprodu\u00e7\u00e3o<\/p>\n<p style=\"text-align: justify;\">Fonte: G1<\/p>\n<\/div>\n<\/div>\n<div class=\"content-ads content-ads--reveal\" data-block-type=\"ads\" data-block-id=\"8\">\n<div id=\"banner_materia2\" class=\"tag-manager-publicidade-container mc-has-reveal mc-has-ad-lazyload tag-manager-publicidade-banner_materia2 tag-manager-publicidade-container--carregado tag-manager-publicidade-container--visivel\" data-id=\"banner_materia2\" data-req=\"true\" data-google-query-id=\"CPOSne-T4fECFfc0uQYdg8kCKQ\" data-cid=\"138355629565\" data-lid=\"5735941411\"><\/div>\n<\/div>\n<\/div>\n","protected":false},"excerpt":{"rendered":"<p>An\u00fancio foi feito ap\u00f3s aprova\u00e7\u00e3o de um projeto de lei na C\u00e2mara Municipal durante uma sess\u00e3o extraordin\u00e1ria. A Prefeitura de\u00a0Dracena\u00a0anunciou nesta ter\u00e7a-feira (13) que vai abrir um processo de licita\u00e7\u00e3o para contrata\u00e7\u00e3o de uma empresa privada para explorar o servi\u00e7o de estacionamento rotativo, denominado de Zona Azul, no munic\u00edpio. O an\u00fancio foi feito ap\u00f3s a [&hellip;]<\/p>\n","protected":false},"author":1,"featured_media":50733,"comment_status":"closed","ping_status":"open","sticky":false,"template":"","format":"standard","meta":{"footnotes":""},"categories":[180,110],"tags":[],"class_list":["post-50732","post","type-post","status-publish","format-standard","has-post-thumbnail","hentry","category-estradastransitoveiculos","category-noticiasdestaque"],"_links":{"self":[{"href":"https:\/\/jorgezanoni.com.br\/2019\/wp-json\/wp\/v2\/posts\/50732","targetHints":{"allow":["GET"]}}],"collection":[{"href":"https:\/\/jorgezanoni.com.br\/2019\/wp-json\/wp\/v2\/posts"}],"about":[{"href":"https:\/\/jorgezanoni.com.br\/2019\/wp-json\/wp\/v2\/types\/post"}],"author":[{"embeddable":true,"href":"https:\/\/jorgezanoni.com.br\/2019\/wp-json\/wp\/v2\/users\/1"}],"replies":[{"embeddable":true,"href":"https:\/\/jorgezanoni.com.br\/2019\/wp-json\/wp\/v2\/comments?post=50732"}],"version-history":[{"count":0,"href":"https:\/\/jorgezanoni.com.br\/2019\/wp-json\/wp\/v2\/posts\/50732\/revisions"}],"wp:featuredmedia":[{"embeddable":true,"href":"https:\/\/jorgezanoni.com.br\/2019\/wp-json\/wp\/v2\/media\/50733"}],"wp:attachment":[{"href":"https:\/\/jorgezanoni.com.br\/2019\/wp-json\/wp\/v2\/media?parent=50732"}],"wp:term":[{"taxonomy":"category","embeddable":true,"href":"https:\/\/jorgezanoni.com.br\/2019\/wp-json\/wp\/v2\/categories?post=50732"},{"taxonomy":"post_tag","embeddable":true,"href":"https:\/\/jorgezanoni.com.br\/2019\/wp-json\/wp\/v2\/tags?post=50732"}],"curies":[{"name":"wp","href":"https:\/\/api.w.org\/{rel}","templated":true}]}}