{"id":50728,"date":"2021-07-13T22:04:49","date_gmt":"2021-07-13T22:04:49","guid":{"rendered":"https:\/\/jorgezanoni.com.br\/2019\/?p=50728"},"modified":"2021-07-13T22:04:49","modified_gmt":"2021-07-13T22:04:49","slug":"hoje-e-o-dia-mundial-do-rock","status":"publish","type":"post","link":"https:\/\/jorgezanoni.com.br\/2019\/hoje-e-o-dia-mundial-do-rock\/","title":{"rendered":"Hoje \u00e9 o &#8220;Dia Mundial do Rock&#8221;"},"content":{"rendered":"<p style=\"text-align: justify;\"><strong>O\u00a0Dia Mundial do Rock\u00a0\u00e9 comemorado anualmente em\u00a013 de julho\u00a0no Brasil.<\/strong><\/p>\n<p style=\"text-align: justify;\">Esta data \u00e9 uma homenagem ao estilo musical do\u00a0<em>Rock n\u2019 Roll<\/em>, que\u00a0<strong>revolucionou a m\u00fasica<\/strong>\u00a0e o comportamento social da juventude na segunda metade do s\u00e9culo XX.<\/p>\n<p style=\"text-align: justify;\">Os grupos de rock, geralmente, s\u00e3o formados por um cantor, um baixista, um ou dois guitarrista e um baterista.<\/p>\n<p style=\"text-align: justify;\">Atualmente, o rock \u00e9 um g\u00eanero musical composto por\u00a0<strong>v\u00e1rias influ\u00eancias<\/strong>\u00a0que s\u00e3o at\u00e9 mesmo antag\u00f4nicas, mas que continua com o mesmo prop\u00f3sito original de lutar pela \u201cliberdade de express\u00e3o\u201d.<\/p>\n<p style=\"text-align: justify;\"><img loading=\"lazy\" decoding=\"async\" src=\"https:\/\/s.calendarr.com\/upload\/datas\/ro\/ck\/rock-beatles_c.jpg\" alt=\"beatles\" width=\"655\" height=\"384\" \/><\/p>\n<p style=\"text-align: justify;\">Mesmo sendo conhecido por Dia Mundial do Rock, esta data \u00e9 comemorada especialmente no Brasil, gra\u00e7as a uma campanha promovida por duas r\u00e1dios paulistas em 1990 que consagraram o dia 13 de julho como Dia do Rock.<\/p>\n<p style=\"text-align: justify;\">Os americanos, por exemplo, preferem celebr\u00e1-lo no dia 9 de julho.<\/p>\n<p style=\"text-align: justify;\">Durante o Dia do Rock, nas principais cidades brasileiras s\u00e3o organizados eventos com shows de importantes artistas representantes do\u00a0<em>rock n\u2019<\/em>\u00a0<em>roll<\/em>\u00a0nacional e internacional.<\/p>\n<h2 style=\"text-align: justify;\">Origem do Dia Mundial do Rock<\/h2>\n<p style=\"text-align: justify;\">Em\u00a0<strong>13 de julho de 1985<\/strong>, houve um grande evento chamado\u00a0<strong>Live Aid<\/strong>, um show simult\u00e2neo em Londres, na Inglaterra, e na Filad\u00e9lfia, nos Estados Unidos.<\/p>\n<p style=\"text-align: justify;\">O objetivo principal era conscientizar a popula\u00e7\u00e3o mundial sobre a dr\u00e1stica pobreza e a fome na Eti\u00f3pia.<\/p>\n<p style=\"text-align: justify;\">O evento contou com a presen\u00e7a de\u00a0<strong>renomados artistas e grupos de rock<\/strong>\u00a0da \u00e9poca, como The Who, Status Quo, Led Zeppelin, Dire Straits, Madonna, Queen, Joan Baez, David Bowie, BB King, Rolling Stones, Sting, Scorpions, U2, Paul McCartney, Phil Collins (que tocou na Inglaterra e nos EUA), Eric Clapton, Black Sabbath, entre outros.<\/p>\n<p style=\"text-align: justify;\">O show foi transmitido ao vivo para diversos pa\u00edses. Na ocasi\u00e3o, o cantor e baterista\u00a0<strong>Phil Collins<\/strong>\u00a0prop\u00f4s que o dia 13 de julho fosse lembrando como Dia Mundial do Rock.<\/p>\n<p style=\"text-align: justify;\"><strong>Confira mais texto que preparamos para voc\u00ea<\/strong>:<\/p>\n<ul style=\"text-align: justify;\">\n<li><a href=\"https:\/\/www.calendarr.com\/brasil\/dia-internacional-da-musica\/\">Dia Internacional da M\u00fasica<\/a><\/li>\n<li><a href=\"https:\/\/www.calendarr.com\/brasil\/dia-do-disco\/\">Dia do Disco<\/a><\/li>\n<\/ul>\n<h2 style=\"text-align: justify;\">Mensagens para o Dia Mundial do Rock<\/h2>\n<p style=\"text-align: justify;\"><em>Para quem acha que rock \u00e9 barulho, n\u00e3o entende que para conquistar a liberdade \u00e9 necess\u00e1rio se fazer ouvir! Feliz Dia do Rock!<\/em><\/p>\n<p style=\"text-align: justify;\"><em>O rock \u00e9 mais que um g\u00eanero musical para mim. O rock \u00e9 um estilo de vida, um pensamento e uma luta pela liberdade e igualdade social! Viva o rock!<\/em><\/p>\n<p style=\"text-align: justify;\"><em>Aumenta que isso aqui \u00e9 Rock n&#8217; Roll.<\/em><\/p>\n<p style=\"text-align: justify;\"><em>Vida longa ao Rock n\u2019 Roll!<\/em><\/p>\n<h2 style=\"text-align: justify;\">O que fazer no Dia do Rock?<\/h2>\n<ul style=\"text-align: justify;\">\n<li>Vestir a camisa da sua banda de rock favorita<\/li>\n<li>Passar o dia todo ouvindo os seus \u00e1lbuns favoritos<\/li>\n<li>Assistir aos shows mais ic\u00f4nicos da hist\u00f3ria do\u00a0<em>rock n\u00b4<\/em>\u00a0<em>roll<\/em>\u00a0no YouTube<\/li>\n<li>Sair com os amigos para assistir ao show de uma banda de rock que voc\u00ea goste<\/li>\n<li>Compartilhar suas m\u00fasicas favoritas nas redes sociais<\/li>\n<li>Montar uma banda de rock com os amigos<\/li>\n<\/ul>\n<p style=\"text-align: justify;\">Fonte: https:\/\/www.calendarr.com\/brasil\/dia-mundial-do-rock\/<\/p>\n","protected":false},"excerpt":{"rendered":"<p>O\u00a0Dia Mundial do Rock\u00a0\u00e9 comemorado anualmente em\u00a013 de julho\u00a0no Brasil. Esta data \u00e9 uma homenagem ao estilo musical do\u00a0Rock n\u2019 Roll, que\u00a0revolucionou a m\u00fasica\u00a0e o comportamento social da juventude na segunda metade do s\u00e9culo XX. Os grupos de rock, geralmente, s\u00e3o formados por um cantor, um baixista, um ou dois guitarrista e um baterista. Atualmente, [&hellip;]<\/p>\n","protected":false},"author":1,"featured_media":50729,"comment_status":"closed","ping_status":"open","sticky":false,"template":"","format":"standard","meta":{"footnotes":""},"categories":[183,110],"tags":[],"class_list":["post-50728","post","type-post","status-publish","format-standard","has-post-thumbnail","hentry","category-musicaeturismo","category-noticiasdestaque"],"_links":{"self":[{"href":"https:\/\/jorgezanoni.com.br\/2019\/wp-json\/wp\/v2\/posts\/50728","targetHints":{"allow":["GET"]}}],"collection":[{"href":"https:\/\/jorgezanoni.com.br\/2019\/wp-json\/wp\/v2\/posts"}],"about":[{"href":"https:\/\/jorgezanoni.com.br\/2019\/wp-json\/wp\/v2\/types\/post"}],"author":[{"embeddable":true,"href":"https:\/\/jorgezanoni.com.br\/2019\/wp-json\/wp\/v2\/users\/1"}],"replies":[{"embeddable":true,"href":"https:\/\/jorgezanoni.com.br\/2019\/wp-json\/wp\/v2\/comments?post=50728"}],"version-history":[{"count":0,"href":"https:\/\/jorgezanoni.com.br\/2019\/wp-json\/wp\/v2\/posts\/50728\/revisions"}],"wp:featuredmedia":[{"embeddable":true,"href":"https:\/\/jorgezanoni.com.br\/2019\/wp-json\/wp\/v2\/media\/50729"}],"wp:attachment":[{"href":"https:\/\/jorgezanoni.com.br\/2019\/wp-json\/wp\/v2\/media?parent=50728"}],"wp:term":[{"taxonomy":"category","embeddable":true,"href":"https:\/\/jorgezanoni.com.br\/2019\/wp-json\/wp\/v2\/categories?post=50728"},{"taxonomy":"post_tag","embeddable":true,"href":"https:\/\/jorgezanoni.com.br\/2019\/wp-json\/wp\/v2\/tags?post=50728"}],"curies":[{"name":"wp","href":"https:\/\/api.w.org\/{rel}","templated":true}]}}