{"id":5072,"date":"2019-09-02T01:32:45","date_gmt":"2019-09-02T01:32:45","guid":{"rendered":"https:\/\/jorgezanoni.com.br\/2019\/?p=5072"},"modified":"2019-09-02T01:33:17","modified_gmt":"2019-09-02T01:33:17","slug":"alberto-goldman-ex-governador-de-sp-morre-aos-81-anos","status":"publish","type":"post","link":"https:\/\/jorgezanoni.com.br\/2019\/alberto-goldman-ex-governador-de-sp-morre-aos-81-anos\/","title":{"rendered":"Alberto Goldman, ex-governador de SP, morre aos 81 anos"},"content":{"rendered":"<h2 class=\"content-head__subtitle\" style=\"text-align: justify;\"><strong>Pol\u00edtico passou por uma cirurgia no c\u00e9rebro no \u00faltimo 19 de agosto.<\/strong><\/h2>\n<div class=\"mc-column content-text active-extra-styles \" data-block-type=\"unstyled\" data-block-weight=\"57\" data-block-id=\"2\">\n<p class=\"content-text__container \" style=\"text-align: justify;\" data-track-category=\"Link no Texto\" data-track-links=\"\">O ex-governador de S\u00e3o Paulo,\u00a0<a href=\"https:\/\/g1.globo.com\/tudo-sobre\/alberto-goldman\/\">Alberto Goldman<\/a>, de 81 anos, morreu por volta das 13h30 deste domingo (1). A informa\u00e7\u00e3o foi confirmada pela assessoria de imprensa do pol\u00edtico. Ele estava\u00a0<a href=\"https:\/\/g1.globo.com\/sp\/sao-paulo\/noticia\/2019\/08\/30\/ex-governador-alberto-goldman-e-internado-no-sirio-libanes-apos-sangramento-no-cerebro.ghtml\">internado desde o dia 19 de agosto<\/a>\u00a0na Unidade de Terapia Intensiva (UTI) do Hospital S\u00edrio-Liban\u00eas ap\u00f3s passar mal e se submeter a uma cirurgia no c\u00e9rebro.<\/p>\n<\/div>\n<div class=\"wall protected-content\">\n<div class=\"mc-column content-text active-extra-styles \" style=\"text-align: justify;\" data-block-type=\"unstyled\" data-block-weight=\"40\" data-block-id=\"3\">\n<p class=\"content-text__container \" data-track-category=\"Link no Texto\" data-track-links=\"\">Segundo a assessoria de imprensa do pol\u00edtico, ele foi ao hospital no dia 19 de agosto como parte do tratamento de um c\u00e2ncer neuroend\u00f3crino na regi\u00e3o cervical. Goldman passou mal durante o exame e uma tomografia constatou sangramento no c\u00e9rebro.<\/p>\n<\/div>\n<div class=\"mc-column content-text active-extra-styles \" style=\"text-align: justify;\" data-block-type=\"unstyled\" data-block-weight=\"45\" data-block-id=\"4\">\n<p class=\"content-text__container \" data-track-category=\"Link no Texto\" data-track-links=\"\">Goldman foi submetido a uma cirurgia no mesmo dia da interna\u00e7\u00e3o, mas seu estado de sa\u00fade piorou e ele n\u00e3o resistiu. Ele deixa esposa e dois filhos do atual casamento com Deuzeni Trisoglio, al\u00e9m de outros tr\u00eas do casamento com a artista pl\u00e1stica Sara Goldman.<\/p>\n<\/div>\n<div class=\"mc-column content-text active-extra-styles \" style=\"text-align: justify;\" data-block-type=\"unstyled\" data-block-weight=\"54\" data-block-id=\"5\">\n<p class=\"content-text__container \" data-track-category=\"Link no Texto\" data-track-links=\"\">Advers\u00e1rio do atual governador Jo\u00e3o Doria, ele foi\u00a0<a href=\"https:\/\/g1.globo.com\/sp\/sao-paulo\/eleicoes\/2018\/noticia\/2018\/10\/08\/psdb-expulsa-alberto-goldman-saulo-de-castro-e-mais-15-por-infidelidade-partidaria.ghtml\">expulso do PSDB pelo diret\u00f3rio municipal<\/a>\u00a0do partido por infidelidade partid\u00e1ria, no ano passado. Durante as elei\u00e7\u00f5es em que Doria concorreu ao cargo no Pal\u00e1cio dos Bandeirantes, Goldman apoiou o candidato Paulo Skaf (MDB) ao governo do estado. A Executiva Nacional do PSDB anulou a expuls\u00e3o.<\/p>\n<\/div>\n<div class=\"mc-column content-text active-extra-styles \" data-block-type=\"unstyled\" data-block-weight=\"26\" data-block-id=\"6\">\n<p class=\"content-text__container \" style=\"text-align: justify;\" data-track-category=\"Link no Texto\" data-track-links=\"\">O vel\u00f3rio ser\u00e1 realizado nesta segunda-feira (2), das 8h \u00e0s 14h, na Assembleia Legislativa. O enterro est\u00e1 previsto para as 15h no Cemit\u00e9rio Israelita do Butant\u00e3.<\/p>\n<p style=\"text-align: justify;\" data-track-category=\"Link no Texto\" data-track-links=\"\">Fonte: https:\/\/g1.globo.com\/sp\/sao-paulo\/noticia\/2019\/09\/01\/alberto-goldman-ex-governador-de-sp-morre-aos-81-anos.ghtml<\/p>\n<\/div>\n<\/div>\n","protected":false},"excerpt":{"rendered":"<p>Pol\u00edtico passou por uma cirurgia no c\u00e9rebro no \u00faltimo 19 de agosto. O ex-governador de S\u00e3o Paulo,\u00a0Alberto Goldman, de 81 anos, morreu por volta das 13h30 deste domingo (1). A informa\u00e7\u00e3o foi confirmada pela assessoria de imprensa do pol\u00edtico. Ele estava\u00a0internado desde o dia 19 de agosto\u00a0na Unidade de Terapia Intensiva (UTI) do Hospital S\u00edrio-Liban\u00eas [&hellip;]<\/p>\n","protected":false},"author":1,"featured_media":5073,"comment_status":"closed","ping_status":"open","sticky":false,"template":"","format":"standard","meta":{"footnotes":""},"categories":[114,110],"tags":[],"class_list":["post-5072","post","type-post","status-publish","format-standard","has-post-thumbnail","hentry","category-geralecomercio","category-noticiasdestaque"],"_links":{"self":[{"href":"https:\/\/jorgezanoni.com.br\/2019\/wp-json\/wp\/v2\/posts\/5072","targetHints":{"allow":["GET"]}}],"collection":[{"href":"https:\/\/jorgezanoni.com.br\/2019\/wp-json\/wp\/v2\/posts"}],"about":[{"href":"https:\/\/jorgezanoni.com.br\/2019\/wp-json\/wp\/v2\/types\/post"}],"author":[{"embeddable":true,"href":"https:\/\/jorgezanoni.com.br\/2019\/wp-json\/wp\/v2\/users\/1"}],"replies":[{"embeddable":true,"href":"https:\/\/jorgezanoni.com.br\/2019\/wp-json\/wp\/v2\/comments?post=5072"}],"version-history":[{"count":0,"href":"https:\/\/jorgezanoni.com.br\/2019\/wp-json\/wp\/v2\/posts\/5072\/revisions"}],"wp:featuredmedia":[{"embeddable":true,"href":"https:\/\/jorgezanoni.com.br\/2019\/wp-json\/wp\/v2\/media\/5073"}],"wp:attachment":[{"href":"https:\/\/jorgezanoni.com.br\/2019\/wp-json\/wp\/v2\/media?parent=5072"}],"wp:term":[{"taxonomy":"category","embeddable":true,"href":"https:\/\/jorgezanoni.com.br\/2019\/wp-json\/wp\/v2\/categories?post=5072"},{"taxonomy":"post_tag","embeddable":true,"href":"https:\/\/jorgezanoni.com.br\/2019\/wp-json\/wp\/v2\/tags?post=5072"}],"curies":[{"name":"wp","href":"https:\/\/api.w.org\/{rel}","templated":true}]}}