{"id":50712,"date":"2021-07-13T15:52:18","date_gmt":"2021-07-13T15:52:18","guid":{"rendered":"https:\/\/jorgezanoni.com.br\/2019\/?p=50712"},"modified":"2021-07-13T15:52:18","modified_gmt":"2021-07-13T15:52:18","slug":"camara-de-dracena-aprova-seis-projetos-em-sessao-extraordinaria-inclusive-o-retorno-da-zona-azul","status":"publish","type":"post","link":"https:\/\/jorgezanoni.com.br\/2019\/camara-de-dracena-aprova-seis-projetos-em-sessao-extraordinaria-inclusive-o-retorno-da-zona-azul\/","title":{"rendered":"C\u00e2mara de Dracena aprova seis projetos em sess\u00e3o extraordin\u00e1ria, inclusive o retorno da Zona Azul"},"content":{"rendered":"<p style=\"text-align: justify;\"><strong>Entre eles, aberturas de cr\u00e9ditos especiais que totalizam mais de R$ 5 milh\u00f5es e institui\u00e7\u00e3o da Zona Azul no munic\u00edpio.<\/strong><\/p>\n<p style=\"text-align: justify;\">Os vereadores se reuniram na noite desta segunda-feira, 12, em sess\u00e3o extraordin\u00e1ria para discuss\u00e3o de seis projetos. Dois deles do Legislativo e quatro do Executivo.<\/p>\n<p style=\"text-align: justify;\">De iniciativa do Legislativo, foram aprovadas as novas denomina\u00e7\u00f5es de quatro ruas do loteamento &#8220;Jardim Boa Vista&#8221; e a prorroga\u00e7\u00e3o da licen\u00e7a sa\u00fade, concedida ao vereador-presidente Claudinei Millan Pessoa, at\u00e9 05 de novembro de 2021. Nesse per\u00edodo, o vereador C\u00e9lio Ferregutti, vice-presidente da Casa, assume a presid\u00eancia.<\/p>\n<p style=\"text-align: justify;\">Do Executivo, houve a aprova\u00e7\u00e3o de cr\u00e9ditos especiais, sendo R$ 5.280.000,00 destinados \u00e0 contrata\u00e7\u00e3o de servi\u00e7os na \u00e1rea da sa\u00fade e R$ R$ 165.370,00, destinado ao aux\u00edlio emergencial para artistas, coletivos e empresas que atuam no setor cultural e atravessam dificuldades financeiras durante a pandemia.<\/p>\n<p style=\"text-align: justify;\">A cria\u00e7\u00e3o da Coordenadoria Municipal de Prote\u00e7\u00e3o de Defesa Civil (COMPDEC) tamb\u00e9m foi aprovada. Ela possui a finalidade de coordenar, em n\u00edvel municipal, todas as a\u00e7\u00f5es e defesa civil, nos per\u00edodos de normalidade e anormalidade. Ser\u00e1 composta da seguinte forma: coordenador, conselho municipal, secretaria, setor t\u00e9cnico e setor operativo.<\/p>\n<p style=\"text-align: justify;\">E por fim, o sistema de estacionamento rotativo de Dracena &#8220;Zona Azul&#8221;, que estava suspenso desde o ano passado, foi aprovado pelos vereadores. A prefeitura dever\u00e1 outorgar a concess\u00e3o atrav\u00e9s de licita\u00e7\u00e3o p\u00fablica e poder\u00e1 ter a validade de at\u00e9 dez anos.<\/p>\n<p style=\"text-align: justify;\">Todos os projetos seguem para san\u00e7\u00e3o do prefeito e podem ser consultados na \u00edntegra no site da C\u00e2mara (www.camaradracena.sp.gov.br).<\/p>\n<p style=\"text-align: justify;\">As sess\u00f5es ordin\u00e1rias continuam em recesso legislativo durante o m\u00eas de julho, mas sess\u00f5es extraordin\u00e1rias como esta podem ser convocadas pela maioria absoluta dos membros, pelo presidente da C\u00e2mara ou pelo prefeito, com anteced\u00eancia m\u00ednima de 48 horas para deliberar projetos de interesse p\u00fablico.<\/p>\n<p style=\"text-align: justify;\">Fonte: Assessoria de Imprensa C\u00e2mara<\/p>\n","protected":false},"excerpt":{"rendered":"<p>Entre eles, aberturas de cr\u00e9ditos especiais que totalizam mais de R$ 5 milh\u00f5es e institui\u00e7\u00e3o da Zona Azul no munic\u00edpio. Os vereadores se reuniram na noite desta segunda-feira, 12, em sess\u00e3o extraordin\u00e1ria para discuss\u00e3o de seis projetos. Dois deles do Legislativo e quatro do Executivo. De iniciativa do Legislativo, foram aprovadas as novas denomina\u00e7\u00f5es de [&hellip;]<\/p>\n","protected":false},"author":1,"featured_media":50713,"comment_status":"closed","ping_status":"open","sticky":false,"template":"","format":"standard","meta":{"footnotes":""},"categories":[116],"tags":[],"class_list":["post-50712","post","type-post","status-publish","format-standard","has-post-thumbnail","hentry","category-politicaeeconomia"],"_links":{"self":[{"href":"https:\/\/jorgezanoni.com.br\/2019\/wp-json\/wp\/v2\/posts\/50712","targetHints":{"allow":["GET"]}}],"collection":[{"href":"https:\/\/jorgezanoni.com.br\/2019\/wp-json\/wp\/v2\/posts"}],"about":[{"href":"https:\/\/jorgezanoni.com.br\/2019\/wp-json\/wp\/v2\/types\/post"}],"author":[{"embeddable":true,"href":"https:\/\/jorgezanoni.com.br\/2019\/wp-json\/wp\/v2\/users\/1"}],"replies":[{"embeddable":true,"href":"https:\/\/jorgezanoni.com.br\/2019\/wp-json\/wp\/v2\/comments?post=50712"}],"version-history":[{"count":0,"href":"https:\/\/jorgezanoni.com.br\/2019\/wp-json\/wp\/v2\/posts\/50712\/revisions"}],"wp:featuredmedia":[{"embeddable":true,"href":"https:\/\/jorgezanoni.com.br\/2019\/wp-json\/wp\/v2\/media\/50713"}],"wp:attachment":[{"href":"https:\/\/jorgezanoni.com.br\/2019\/wp-json\/wp\/v2\/media?parent=50712"}],"wp:term":[{"taxonomy":"category","embeddable":true,"href":"https:\/\/jorgezanoni.com.br\/2019\/wp-json\/wp\/v2\/categories?post=50712"},{"taxonomy":"post_tag","embeddable":true,"href":"https:\/\/jorgezanoni.com.br\/2019\/wp-json\/wp\/v2\/tags?post=50712"}],"curies":[{"name":"wp","href":"https:\/\/api.w.org\/{rel}","templated":true}]}}