{"id":50708,"date":"2021-07-13T15:28:25","date_gmt":"2021-07-13T15:28:25","guid":{"rendered":"https:\/\/jorgezanoni.com.br\/2019\/?p=50708"},"modified":"2021-07-13T15:30:57","modified_gmt":"2021-07-13T15:30:57","slug":"matricula-dos-aprovados-em-medicina-na-unifadra-de-dracena-sera-realizada-nos-dias-14-a-16-de-julho","status":"publish","type":"post","link":"https:\/\/jorgezanoni.com.br\/2019\/matricula-dos-aprovados-em-medicina-na-unifadra-de-dracena-sera-realizada-nos-dias-14-a-16-de-julho\/","title":{"rendered":"Matr\u00edcula dos aprovados em Medicina na Unifadra de Dracena ser\u00e1 realizada nos dias 14 a 16 de julho"},"content":{"rendered":"<div dir=\"ltr\" style=\"text-align: justify;\">\n<p><span style=\"font-size: large;\">Nos dias 14, 15 e 16 de julho ser\u00e3o realizadas as matr\u00edculas da primeira chamada de aprovados do Vestibular de Inverno do curso de Medicina da Unifadra de Dracena. Terminado esse prazo, na segunda-feira, dia 19 de julho, ser\u00e1 feita a segunda chamada &#8211; e quem ficou na lista de espera poder\u00e1 ser convocado! Fiquem atentos.<\/span><\/p>\n<p><span style=\"font-size: large;\">Neste vestibular foram oferecidas 45 vagas para ingresso em 2022 e o processo seletivo foi realizado pela Funda\u00e7\u00e3o Vunesp, utilizando somente a nota do ENEM (2011 a 2020). A classifica\u00e7\u00e3o geral foi divulgada no dia 7 de julho.<\/span><\/p>\n<p><span style=\"font-size: large;\">Os aprovados da primeira chamada s\u00e3o do Distrito Federal e dos estados de Goi\u00e1s, Minas Gerais, Mato Grosso do Sul, Mato Grosso, Piau\u00ed, Paran\u00e1, Rond\u00f4nia e S\u00e3o Paulo.<\/span><\/p>\n<p><span style=\"font-size: large;\">A rela\u00e7\u00e3o dos documentos necess\u00e1rios para a matr\u00edcula est\u00e1 dispon\u00edvel no edital do vestibular, acess\u00edvel pelo site da Vunesp (<a href=\"http:\/\/www.vunesp.com.br\/FDEC2101\" target=\"_blank\" rel=\"noopener noreferrer\">www.vunesp.com.br\/FDEC2101<\/a>).<\/span><\/p>\n<p><span style=\"font-size: large;\"><b>Mais informa\u00e7\u00f5es<\/b>: Secretaria Geral da Fundec<\/span><br \/>\n<span style=\"font-size: large;\">(18) 3821-9009 \/\u00a0<a href=\"https:\/\/api.whatsapp.com\/send?phone=5518996340383\" target=\"_blank\" rel=\"noopener noreferrer\">(18) 99634-0383<\/a>\u00a0(WhatsApp)<\/span><\/p>\n<p><span style=\"font-size: large;\"><b>CALEND\u00c1RIO DE CONVOCA\u00c7\u00c3O E MATR\u00cdCULA<\/b><\/span><br \/>\n<span style=\"font-size: large;\">Medicina Unifadra &#8211; Vestibular de Inverno 2021 (ENEM)<\/span><br \/>\n<span style=\"font-size: large;\">Reserva de Vagas &#8211; 1\u00ba Semestre 2022<\/span><\/p>\n<\/div>\n<div dir=\"ltr\"><span style=\"font-size: large;\"><br \/>\n<\/span><\/p>\n<div>\n<table border=\"1\" cellspacing=\"1\" cellpadding=\"3\">\n<tbody>\n<tr>\n<td><span style=\"font-family: arial, sans-serif; font-size: large;\">15\/03 a 30\/06\u00a0<\/span><\/td>\n<td><span style=\"font-family: arial, sans-serif; font-size: large;\">\u00a0Inscri\u00e7\u00f5es<\/span><\/td>\n<\/tr>\n<tr>\n<td><span style=\"font-family: arial, sans-serif; font-size: large;\">07\/07\u00a0<\/span><\/td>\n<td><span style=\"font-family: arial, sans-serif; font-size: large;\">\u00a0Divulga\u00e7\u00e3o da lista geral de classifica\u00e7\u00e3o<\/span><\/td>\n<\/tr>\n<tr>\n<td><span style=\"font-family: arial, sans-serif; font-size: large;\"><b>14 a 16\/07\u00a0<\/b><\/span><\/td>\n<td><span style=\"font-family: arial, sans-serif; font-size: large;\"><b>\u00a0Matr\u00edcula (1\u00aa lista), das 8h30 \u00e0s 11h30 e das 14h \u00e0s 16h30<\/b><\/span><\/td>\n<\/tr>\n<tr>\n<td><span style=\"font-family: arial, sans-serif; font-size: large;\">19\/07\u00a0<\/span><\/td>\n<td><span style=\"font-family: arial, sans-serif; font-size: large;\">\u00a0Divulga\u00e7\u00e3o da 2\u00aa lista de chamada<\/span><\/td>\n<\/tr>\n<tr>\n<td><span style=\"font-family: arial, sans-serif; font-size: large;\">20 e 21\/07\u00a0<\/span><\/td>\n<td><span style=\"font-family: arial, sans-serif; font-size: large;\">\u00a0Matr\u00edcula (2\u00aa lista), das 8h30 \u00e0s 11h30 e das 14h \u00e0s 16h30<\/span><\/td>\n<\/tr>\n<\/tbody>\n<\/table>\n<p>Fonte: Departamento de Comunica\u00e7\u00e3o Fundec<\/p>\n<\/div>\n<\/div>\n","protected":false},"excerpt":{"rendered":"<p>Nos dias 14, 15 e 16 de julho ser\u00e3o realizadas as matr\u00edculas da primeira chamada de aprovados do Vestibular de Inverno do curso de Medicina da Unifadra de Dracena. Terminado esse prazo, na segunda-feira, dia 19 de julho, ser\u00e1 feita a segunda chamada &#8211; e quem ficou na lista de espera poder\u00e1 ser convocado! Fiquem [&hellip;]<\/p>\n","protected":false},"author":1,"featured_media":50710,"comment_status":"closed","ping_status":"open","sticky":false,"template":"","format":"standard","meta":{"footnotes":""},"categories":[110,122],"tags":[],"class_list":["post-50708","post","type-post","status-publish","format-standard","has-post-thumbnail","hentry","category-noticiasdestaque","category-saudeeducacaoeconcurso"],"_links":{"self":[{"href":"https:\/\/jorgezanoni.com.br\/2019\/wp-json\/wp\/v2\/posts\/50708","targetHints":{"allow":["GET"]}}],"collection":[{"href":"https:\/\/jorgezanoni.com.br\/2019\/wp-json\/wp\/v2\/posts"}],"about":[{"href":"https:\/\/jorgezanoni.com.br\/2019\/wp-json\/wp\/v2\/types\/post"}],"author":[{"embeddable":true,"href":"https:\/\/jorgezanoni.com.br\/2019\/wp-json\/wp\/v2\/users\/1"}],"replies":[{"embeddable":true,"href":"https:\/\/jorgezanoni.com.br\/2019\/wp-json\/wp\/v2\/comments?post=50708"}],"version-history":[{"count":0,"href":"https:\/\/jorgezanoni.com.br\/2019\/wp-json\/wp\/v2\/posts\/50708\/revisions"}],"wp:featuredmedia":[{"embeddable":true,"href":"https:\/\/jorgezanoni.com.br\/2019\/wp-json\/wp\/v2\/media\/50710"}],"wp:attachment":[{"href":"https:\/\/jorgezanoni.com.br\/2019\/wp-json\/wp\/v2\/media?parent=50708"}],"wp:term":[{"taxonomy":"category","embeddable":true,"href":"https:\/\/jorgezanoni.com.br\/2019\/wp-json\/wp\/v2\/categories?post=50708"},{"taxonomy":"post_tag","embeddable":true,"href":"https:\/\/jorgezanoni.com.br\/2019\/wp-json\/wp\/v2\/tags?post=50708"}],"curies":[{"name":"wp","href":"https:\/\/api.w.org\/{rel}","templated":true}]}}