{"id":5069,"date":"2019-09-02T01:01:19","date_gmt":"2019-09-02T01:01:19","guid":{"rendered":"https:\/\/jorgezanoni.com.br\/2019\/?p=5069"},"modified":"2019-09-02T01:01:19","modified_gmt":"2019-09-02T01:01:19","slug":"homem-de-48-anos-morre-apos-capotar-veiculo-e-atingir-poste-de-alta-tensao","status":"publish","type":"post","link":"https:\/\/jorgezanoni.com.br\/2019\/homem-de-48-anos-morre-apos-capotar-veiculo-e-atingir-poste-de-alta-tensao\/","title":{"rendered":"Homem de 48 anos morre ap\u00f3s capotar veiculo e atingir poste de alta tens\u00e3o"},"content":{"rendered":"<p style=\"text-align: justify;\">O panoramense Roberto da Cruz, 48 anos de idade, morreu no in\u00edcio da noite deste domingo (1), ap\u00f3s capotar seu ve\u00edculo Kadet com placas de Andradina e posteriormente colidir em uma cerca e atingir um poste de alta tens\u00e3o.<\/p>\n<p style=\"text-align: justify;\">O acidente ocorreu na Vicinal Frederico Platzeck e as informa\u00e7\u00f5es s\u00e3o de que a v\u00edtima conhecida na cidade como \u201cRoberto Mec\u00e2nico\u201d retornava para sua resid\u00eancia que fica na Aldeia do Lago.<\/p>\n<p style=\"text-align: justify;\">Ele chegou \u00e1 ser socorrido pelo Corpo de Bombeiros, por\u00e9m, teve \u00f3bito constatado ao dar entrada na Unidade de Emerg\u00eancia de Panorama.<\/p>\n<p style=\"text-align: justify;\">O ve\u00edculo ficou totalmente destru\u00eddo.<\/p>\n<p style=\"text-align: justify;\">Foto: Reprodu\u00e7\u00e3o\/Panorama Not\u00edcia<\/p>\n","protected":false},"excerpt":{"rendered":"<p>O panoramense Roberto da Cruz, 48 anos de idade, morreu no in\u00edcio da noite deste domingo (1), ap\u00f3s capotar seu ve\u00edculo Kadet com placas de Andradina e posteriormente colidir em uma cerca e atingir um poste de alta tens\u00e3o. O acidente ocorreu na Vicinal Frederico Platzeck e as informa\u00e7\u00f5es s\u00e3o de que a v\u00edtima conhecida [&hellip;]<\/p>\n","protected":false},"author":1,"featured_media":5070,"comment_status":"closed","ping_status":"open","sticky":false,"template":"","format":"standard","meta":{"footnotes":""},"categories":[170,110],"tags":[],"class_list":["post-5069","post","type-post","status-publish","format-standard","has-post-thumbnail","hentry","category-acidentes","category-noticiasdestaque"],"_links":{"self":[{"href":"https:\/\/jorgezanoni.com.br\/2019\/wp-json\/wp\/v2\/posts\/5069","targetHints":{"allow":["GET"]}}],"collection":[{"href":"https:\/\/jorgezanoni.com.br\/2019\/wp-json\/wp\/v2\/posts"}],"about":[{"href":"https:\/\/jorgezanoni.com.br\/2019\/wp-json\/wp\/v2\/types\/post"}],"author":[{"embeddable":true,"href":"https:\/\/jorgezanoni.com.br\/2019\/wp-json\/wp\/v2\/users\/1"}],"replies":[{"embeddable":true,"href":"https:\/\/jorgezanoni.com.br\/2019\/wp-json\/wp\/v2\/comments?post=5069"}],"version-history":[{"count":0,"href":"https:\/\/jorgezanoni.com.br\/2019\/wp-json\/wp\/v2\/posts\/5069\/revisions"}],"wp:featuredmedia":[{"embeddable":true,"href":"https:\/\/jorgezanoni.com.br\/2019\/wp-json\/wp\/v2\/media\/5070"}],"wp:attachment":[{"href":"https:\/\/jorgezanoni.com.br\/2019\/wp-json\/wp\/v2\/media?parent=5069"}],"wp:term":[{"taxonomy":"category","embeddable":true,"href":"https:\/\/jorgezanoni.com.br\/2019\/wp-json\/wp\/v2\/categories?post=5069"},{"taxonomy":"post_tag","embeddable":true,"href":"https:\/\/jorgezanoni.com.br\/2019\/wp-json\/wp\/v2\/tags?post=5069"}],"curies":[{"name":"wp","href":"https:\/\/api.w.org\/{rel}","templated":true}]}}