{"id":50675,"date":"2021-07-12T22:27:01","date_gmt":"2021-07-12T22:27:01","guid":{"rendered":"https:\/\/jorgezanoni.com.br\/2019\/?p=50675"},"modified":"2021-07-12T22:27:01","modified_gmt":"2021-07-12T22:27:01","slug":"vacina-covid-19-em-dracena-amanha-e-quarta-feira-serao-vacinados-pessoas-agendadas-para-a-segunda-dose","status":"publish","type":"post","link":"https:\/\/jorgezanoni.com.br\/2019\/vacina-covid-19-em-dracena-amanha-e-quarta-feira-serao-vacinados-pessoas-agendadas-para-a-segunda-dose\/","title":{"rendered":"VACINA COVID-19 em DRACENA: Amanh\u00e3 e quarta-feira ser\u00e3o vacinados pessoas agendadas para a segunda dose"},"content":{"rendered":"<p><strong>ATEN\u00c7\u00c3O!!!<\/strong><\/p>\n<div class=\"o9v6fnle cxmmr5t8 oygrvhab hcukyx3x c1et5uql ii04i59q\">\n<div dir=\"auto\" style=\"text-align: justify;\">A Vigil\u00e2ncia Epidemiol\u00f3gica de Dracena ressalta que nesta ter\u00e7a, 13, e quarta, 14, far\u00e1 aplica\u00e7\u00e3o da segunda dose da vacina covid, de pessoas que est\u00e3o agendadas para tomar nestes dois dias.<\/div>\n<\/div>\n<div class=\"o9v6fnle cxmmr5t8 oygrvhab hcukyx3x c1et5uql ii04i59q\">\n<div dir=\"auto\" style=\"text-align: justify;\">Est\u00e1 sem estoque no momento de vacinas para aplicar a primeira dose, portanto aguarda chegar novo lote de vacinas nesta quarta e, poder dar sequ\u00eancia ao cronograma &#8211; pessoas de 31 anos.<\/div>\n<div dir=\"auto\"><\/div>\n<\/div>\n<div dir=\"auto\">Fonte: Diretoria de Comunica\u00e7\u00e3o<\/div>\n","protected":false},"excerpt":{"rendered":"<p>ATEN\u00c7\u00c3O!!! A Vigil\u00e2ncia Epidemiol\u00f3gica de Dracena ressalta que nesta ter\u00e7a, 13, e quarta, 14, far\u00e1 aplica\u00e7\u00e3o da segunda dose da vacina covid, de pessoas que est\u00e3o agendadas para tomar nestes dois dias. Est\u00e1 sem estoque no momento de vacinas para aplicar a primeira dose, portanto aguarda chegar novo lote de vacinas nesta quarta e, poder [&hellip;]<\/p>\n","protected":false},"author":1,"featured_media":50676,"comment_status":"closed","ping_status":"open","sticky":false,"template":"","format":"standard","meta":{"footnotes":""},"categories":[179,184,110],"tags":[],"class_list":["post-50675","post","type-post","status-publish","format-standard","has-post-thumbnail","hentry","category-cidadeseregiao","category-dracena","category-noticiasdestaque"],"_links":{"self":[{"href":"https:\/\/jorgezanoni.com.br\/2019\/wp-json\/wp\/v2\/posts\/50675","targetHints":{"allow":["GET"]}}],"collection":[{"href":"https:\/\/jorgezanoni.com.br\/2019\/wp-json\/wp\/v2\/posts"}],"about":[{"href":"https:\/\/jorgezanoni.com.br\/2019\/wp-json\/wp\/v2\/types\/post"}],"author":[{"embeddable":true,"href":"https:\/\/jorgezanoni.com.br\/2019\/wp-json\/wp\/v2\/users\/1"}],"replies":[{"embeddable":true,"href":"https:\/\/jorgezanoni.com.br\/2019\/wp-json\/wp\/v2\/comments?post=50675"}],"version-history":[{"count":0,"href":"https:\/\/jorgezanoni.com.br\/2019\/wp-json\/wp\/v2\/posts\/50675\/revisions"}],"wp:featuredmedia":[{"embeddable":true,"href":"https:\/\/jorgezanoni.com.br\/2019\/wp-json\/wp\/v2\/media\/50676"}],"wp:attachment":[{"href":"https:\/\/jorgezanoni.com.br\/2019\/wp-json\/wp\/v2\/media?parent=50675"}],"wp:term":[{"taxonomy":"category","embeddable":true,"href":"https:\/\/jorgezanoni.com.br\/2019\/wp-json\/wp\/v2\/categories?post=50675"},{"taxonomy":"post_tag","embeddable":true,"href":"https:\/\/jorgezanoni.com.br\/2019\/wp-json\/wp\/v2\/tags?post=50675"}],"curies":[{"name":"wp","href":"https:\/\/api.w.org\/{rel}","templated":true}]}}