{"id":50656,"date":"2021-07-12T15:42:09","date_gmt":"2021-07-12T15:42:09","guid":{"rendered":"https:\/\/jorgezanoni.com.br\/2019\/?p=50656"},"modified":"2021-07-12T15:42:09","modified_gmt":"2021-07-12T15:42:09","slug":"policia-militar-prende-homem-em-flagrante-por-furto-em-dracena","status":"publish","type":"post","link":"https:\/\/jorgezanoni.com.br\/2019\/policia-militar-prende-homem-em-flagrante-por-furto-em-dracena\/","title":{"rendered":"Pol\u00edcia Militar prende homem em  flagrante por furto em Dracena"},"content":{"rendered":"<p style=\"text-align: justify;\">EQUIPE DA POL\u00cdCIA MILITAR REALIZAVA PATRULHAMENTO PELA \u00c1REA CENTRAL E RECEBEMOS\u00a0 INFORMA\u00c7\u00d5ES QUE UM INDIV\u00cdDUO MORENO DE BLUSA PRETA E CAL\u00c7A JEANS REALIZOU DOIS FURTOS EM SUPERMERCADOS PELA \u00c1REA CENTRAL E REALIZADO PATRULHAMENTO E LOCALIZADO O INDIVIDUO DEFRONTE A UM BANCO COM OS PRODUTOS DE FURTOS E ACABOU CONFESSANDO OS DELITOS, PERMANECENDO PRESO A DISPOSI\u00c7AO DA JUSTI\u00c7A. FATO ACONTECEU NA AVENIDA PRESIDENTE ROOSEVELT E O INDIV\u00cdDUO TEM 43 ANOS.<\/p>\n<p>Fonte: Com. Social Pol\u00edcia Civil<\/p>\n","protected":false},"excerpt":{"rendered":"<p>EQUIPE DA POL\u00cdCIA MILITAR REALIZAVA PATRULHAMENTO PELA \u00c1REA CENTRAL E RECEBEMOS\u00a0 INFORMA\u00c7\u00d5ES QUE UM INDIV\u00cdDUO MORENO DE BLUSA PRETA E CAL\u00c7A JEANS REALIZOU DOIS FURTOS EM SUPERMERCADOS PELA \u00c1REA CENTRAL E REALIZADO PATRULHAMENTO E LOCALIZADO O INDIVIDUO DEFRONTE A UM BANCO COM OS PRODUTOS DE FURTOS E ACABOU CONFESSANDO OS DELITOS, PERMANECENDO PRESO A DISPOSI\u00c7AO [&hellip;]<\/p>\n","protected":false},"author":1,"featured_media":50657,"comment_status":"closed","ping_status":"open","sticky":false,"template":"","format":"standard","meta":{"footnotes":""},"categories":[110,2],"tags":[],"class_list":["post-50656","post","type-post","status-publish","format-standard","has-post-thumbnail","hentry","category-noticiasdestaque","category-policial"],"_links":{"self":[{"href":"https:\/\/jorgezanoni.com.br\/2019\/wp-json\/wp\/v2\/posts\/50656","targetHints":{"allow":["GET"]}}],"collection":[{"href":"https:\/\/jorgezanoni.com.br\/2019\/wp-json\/wp\/v2\/posts"}],"about":[{"href":"https:\/\/jorgezanoni.com.br\/2019\/wp-json\/wp\/v2\/types\/post"}],"author":[{"embeddable":true,"href":"https:\/\/jorgezanoni.com.br\/2019\/wp-json\/wp\/v2\/users\/1"}],"replies":[{"embeddable":true,"href":"https:\/\/jorgezanoni.com.br\/2019\/wp-json\/wp\/v2\/comments?post=50656"}],"version-history":[{"count":0,"href":"https:\/\/jorgezanoni.com.br\/2019\/wp-json\/wp\/v2\/posts\/50656\/revisions"}],"wp:featuredmedia":[{"embeddable":true,"href":"https:\/\/jorgezanoni.com.br\/2019\/wp-json\/wp\/v2\/media\/50657"}],"wp:attachment":[{"href":"https:\/\/jorgezanoni.com.br\/2019\/wp-json\/wp\/v2\/media?parent=50656"}],"wp:term":[{"taxonomy":"category","embeddable":true,"href":"https:\/\/jorgezanoni.com.br\/2019\/wp-json\/wp\/v2\/categories?post=50656"},{"taxonomy":"post_tag","embeddable":true,"href":"https:\/\/jorgezanoni.com.br\/2019\/wp-json\/wp\/v2\/tags?post=50656"}],"curies":[{"name":"wp","href":"https:\/\/api.w.org\/{rel}","templated":true}]}}