{"id":50653,"date":"2021-07-12T15:26:23","date_gmt":"2021-07-12T15:26:23","guid":{"rendered":"https:\/\/jorgezanoni.com.br\/2019\/?p=50653"},"modified":"2021-07-12T15:26:23","modified_gmt":"2021-07-12T15:26:23","slug":"chores-por-mim-argentina-por-vladimir-de-mattos","status":"publish","type":"post","link":"https:\/\/jorgezanoni.com.br\/2019\/chores-por-mim-argentina-por-vladimir-de-mattos\/","title":{"rendered":"Chores por mim, Argentina! (por Vladimir de Mattos)"},"content":{"rendered":"<p style=\"text-align: justify;\"><strong>CHORES POR MIM, ARGENTINA!<\/strong><\/p>\n<p style=\"text-align: justify;\">O palco do \u00faltimo vexame nacional tem nome, sobrenome e endere\u00e7o:<\/p>\n<p style=\"text-align: justify;\">Local: Maracan\u00e3.<\/p>\n<p style=\"text-align: justify;\">Data: 10\/07\/2021.<\/p>\n<p style=\"text-align: justify;\">Atores: Sele\u00e7\u00e3o brasileira.<\/p>\n<p style=\"text-align: justify;\">Uniforme: Camisa amarela.<\/p>\n<p style=\"text-align: justify;\">Expectadores: 535 mil pessoas.<\/p>\n<p style=\"text-align: justify;\">Pois bem, caro leitor, o cen\u00e1rio da vergonha foi exatamente esse: Um est\u00e1dio do Maracan\u00e3 (superfaturado em sua constru\u00e7\u00e3o, como todos j\u00e1 sabem) com 2 mil torcedores ladeados pelos caix\u00f5es de 533 mil brasileiros mortos n\u00e3o apenas devido ao um maldito v\u00edrus, mas tamb\u00e9m pela incompet\u00eancia de um governo corrupto e negacionista que est\u00e1 levando o pa\u00eds ao caos e \u00e0 destrui\u00e7\u00e3o.<\/p>\n<p style=\"text-align: justify;\">No palco da humilha\u00e7\u00e3o, os atores principais: uma sele\u00e7\u00e3o de jogadores brasileiros que n\u00e3o significam nada al\u00e9m da pecha de covardes e mercen\u00e1rios, vestidos com uma camiseta amarela que tamb\u00e9m n\u00e3o significa nada al\u00e9m de representar uma CBF de abusadores sexuais, num Rio de Janeiro banhado em sangue pela a\u00e7\u00e3o de milicianos, jogando um campeonato que sequer deveria ser jogado esse ano, mas foi aceito por um pa\u00eds que tamb\u00e9m n\u00e3o significa nada, ou seja, o Brasil.<\/p>\n<p style=\"text-align: justify;\">Do lado de c\u00e1 da telinha, 70% de brasileiros tristes e indignados com \u201ctudo isso que est\u00e1 a\u00ed\u201d e uns poucos gatos pingados que ainda acreditam na honestidade do ladr\u00e3o de vacinas corrupto instalado no Pal\u00e1cio do Planalto e, pasme-se, vibrando porque uma rede de televis\u00e3o que n\u00e3o significa nada \u201cganhou\u201d da rede que eles pr\u00f3prios assistiam todos os dias at\u00e9 2016 e hoje acoimam-na raivosamente de \u201clixo\u201d.<\/p>\n<p style=\"text-align: justify;\">Posto isso, n\u00e3o precisou de muito para a aguerrida e valorosa Sele\u00e7\u00e3o argentina ganhar \u201ccom pena\u201d do Brasil, pois, caso o Messi resolvesse realmente \u201cjogar bola\u201d (o que n\u00e3o aconteceu em momento algum durante o jogo), ter\u00edamos levado outra \u201clavada\u201d <em>\u00e0 la<\/em> Alemanha.<\/p>\n<p style=\"text-align: justify;\">Quanto a n\u00f3s, brasileiros, restou escancarada a triste situa\u00e7\u00e3o que hoje vivemos: um pa\u00eds insignificante perante o resto do mundo civilizado, com mais de meio milh\u00e3o de mortos em raz\u00e3o da incompet\u00eancia criminosa do atual governo corrupto e genocida, humilhado em campo pelos queridos <em>hermanos<\/em> argentinos ap\u00f3s quase meio s\u00e9culo sem perder uma final em casa.<\/p>\n<p style=\"text-align: justify;\">Quer mais? Nem precisava, n\u00e9, mas, infelizmente, ainda encontramos gente sem um pingo de car\u00e1ter que defende e apoia \u201ctudo isso que est\u00e1 a\u00ed\u201d. Afinal de contas, nossos av\u00f3s j\u00e1 diziam que tiririca e colecionadores de bandidos de estima\u00e7\u00e3o <em>\u201craleiam\u201d<\/em> mas nunca acabam!<\/p>\n<p style=\"text-align: justify;\">No mais, parab\u00e9ns \u00e0 Argentina, que jogou bem melhor que o Brasil durante todo o jogo e merecidamente ganhou o t\u00edtulo.<\/p>\n<p style=\"text-align: justify;\">(<em>Post scriptum<\/em>: Artigo carinhosamente dedicado aos amigos-irm\u00e3os Juan Pablo Pagani e Zenna Augusto).<\/p>\n<p style=\"text-align: justify;\"><a href=\"mailto:vladimirdemattos@hotmail.com\">vladimirdemattos@hotmail.com<\/a><\/p>\n","protected":false},"excerpt":{"rendered":"<p>CHORES POR MIM, ARGENTINA! O palco do \u00faltimo vexame nacional tem nome, sobrenome e endere\u00e7o: Local: Maracan\u00e3. Data: 10\/07\/2021. Atores: Sele\u00e7\u00e3o brasileira. Uniforme: Camisa amarela. Expectadores: 535 mil pessoas. Pois bem, caro leitor, o cen\u00e1rio da vergonha foi exatamente esse: Um est\u00e1dio do Maracan\u00e3 (superfaturado em sua constru\u00e7\u00e3o, como todos j\u00e1 sabem) com 2 mil [&hellip;]<\/p>\n","protected":false},"author":1,"featured_media":50654,"comment_status":"closed","ping_status":"open","sticky":false,"template":"","format":"standard","meta":{"footnotes":""},"categories":[175],"tags":[],"class_list":["post-50653","post","type-post","status-publish","format-standard","has-post-thumbnail","hentry","category-artigos"],"_links":{"self":[{"href":"https:\/\/jorgezanoni.com.br\/2019\/wp-json\/wp\/v2\/posts\/50653","targetHints":{"allow":["GET"]}}],"collection":[{"href":"https:\/\/jorgezanoni.com.br\/2019\/wp-json\/wp\/v2\/posts"}],"about":[{"href":"https:\/\/jorgezanoni.com.br\/2019\/wp-json\/wp\/v2\/types\/post"}],"author":[{"embeddable":true,"href":"https:\/\/jorgezanoni.com.br\/2019\/wp-json\/wp\/v2\/users\/1"}],"replies":[{"embeddable":true,"href":"https:\/\/jorgezanoni.com.br\/2019\/wp-json\/wp\/v2\/comments?post=50653"}],"version-history":[{"count":0,"href":"https:\/\/jorgezanoni.com.br\/2019\/wp-json\/wp\/v2\/posts\/50653\/revisions"}],"wp:featuredmedia":[{"embeddable":true,"href":"https:\/\/jorgezanoni.com.br\/2019\/wp-json\/wp\/v2\/media\/50654"}],"wp:attachment":[{"href":"https:\/\/jorgezanoni.com.br\/2019\/wp-json\/wp\/v2\/media?parent=50653"}],"wp:term":[{"taxonomy":"category","embeddable":true,"href":"https:\/\/jorgezanoni.com.br\/2019\/wp-json\/wp\/v2\/categories?post=50653"},{"taxonomy":"post_tag","embeddable":true,"href":"https:\/\/jorgezanoni.com.br\/2019\/wp-json\/wp\/v2\/tags?post=50653"}],"curies":[{"name":"wp","href":"https:\/\/api.w.org\/{rel}","templated":true}]}}