{"id":50626,"date":"2021-07-12T00:58:01","date_gmt":"2021-07-12T00:58:01","guid":{"rendered":"https:\/\/jorgezanoni.com.br\/2019\/?p=50626"},"modified":"2021-07-12T00:59:19","modified_gmt":"2021-07-12T00:59:19","slug":"acidente-entre-van-de-pauliceia-e-caminhao-deixa-feridos-na-sp-563","status":"publish","type":"post","link":"https:\/\/jorgezanoni.com.br\/2019\/acidente-entre-van-de-pauliceia-e-caminhao-deixa-feridos-na-sp-563\/","title":{"rendered":"Acidente entre Van de Paulic\u00e9ia e caminh\u00e3o deixa feridos na SP-563"},"content":{"rendered":"<p style=\"text-align: justify;\">No in\u00edcio da noite deste domingo (11) foi registrado um grave acidente na Rodovia General Euclides de Oliveira Figueiredo, SP-563, (Rodovia da Integra\u00e7\u00e3o), no local conhecido como Trevo do Motel Aeroporto de Andradina.<\/p>\n<p style=\"text-align: justify;\">Segundo informa\u00e7\u00f5es obtidas pelo Site JZ, colidiram um Caminh\u00e3o de Andradina e uma Van de Paulic\u00e9ia.<\/p>\n<p style=\"text-align: justify;\">O motorista do Caminh\u00e3o sofreu ferimentos, corte na testa e tem suspeita de fratura em uma das pernas. J\u00e1 na Van Uma mulher sofreu fratura em uma das pernas e no bra\u00e7o esquerdo, n\u00e3o temos informa\u00e7\u00f5es do motorista.<\/p>\n<p><img loading=\"lazy\" decoding=\"async\" class=\"alignnone size-full wp-image-50628\" src=\"https:\/\/jorgezanoni.com.br\/2019\/wp-content\/uploads\/2021\/07\/van1.jpg\" alt=\"\" width=\"1280\" height=\"719\" srcset=\"https:\/\/jorgezanoni.com.br\/2019\/wp-content\/uploads\/2021\/07\/van1.jpg 1280w, https:\/\/jorgezanoni.com.br\/2019\/wp-content\/uploads\/2021\/07\/van1-300x169.jpg 300w, https:\/\/jorgezanoni.com.br\/2019\/wp-content\/uploads\/2021\/07\/van1-1024x575.jpg 1024w, https:\/\/jorgezanoni.com.br\/2019\/wp-content\/uploads\/2021\/07\/van1-768x431.jpg 768w, https:\/\/jorgezanoni.com.br\/2019\/wp-content\/uploads\/2021\/07\/van1-696x391.jpg 696w, https:\/\/jorgezanoni.com.br\/2019\/wp-content\/uploads\/2021\/07\/van1-1068x600.jpg 1068w, https:\/\/jorgezanoni.com.br\/2019\/wp-content\/uploads\/2021\/07\/van1-748x420.jpg 748w\" sizes=\"auto, (max-width: 1280px) 100vw, 1280px\" \/> <img loading=\"lazy\" decoding=\"async\" class=\"alignnone size-full wp-image-50629\" src=\"https:\/\/jorgezanoni.com.br\/2019\/wp-content\/uploads\/2021\/07\/van2.jpg\" alt=\"\" width=\"1280\" height=\"719\" srcset=\"https:\/\/jorgezanoni.com.br\/2019\/wp-content\/uploads\/2021\/07\/van2.jpg 1280w, https:\/\/jorgezanoni.com.br\/2019\/wp-content\/uploads\/2021\/07\/van2-300x169.jpg 300w, https:\/\/jorgezanoni.com.br\/2019\/wp-content\/uploads\/2021\/07\/van2-1024x575.jpg 1024w, https:\/\/jorgezanoni.com.br\/2019\/wp-content\/uploads\/2021\/07\/van2-768x431.jpg 768w, https:\/\/jorgezanoni.com.br\/2019\/wp-content\/uploads\/2021\/07\/van2-696x391.jpg 696w, https:\/\/jorgezanoni.com.br\/2019\/wp-content\/uploads\/2021\/07\/van2-1068x600.jpg 1068w, https:\/\/jorgezanoni.com.br\/2019\/wp-content\/uploads\/2021\/07\/van2-748x420.jpg 748w\" sizes=\"auto, (max-width: 1280px) 100vw, 1280px\" \/> <img loading=\"lazy\" decoding=\"async\" class=\"alignnone size-full wp-image-50630\" src=\"https:\/\/jorgezanoni.com.br\/2019\/wp-content\/uploads\/2021\/07\/van3.jpg\" alt=\"\" width=\"1280\" height=\"719\" srcset=\"https:\/\/jorgezanoni.com.br\/2019\/wp-content\/uploads\/2021\/07\/van3.jpg 1280w, https:\/\/jorgezanoni.com.br\/2019\/wp-content\/uploads\/2021\/07\/van3-300x169.jpg 300w, https:\/\/jorgezanoni.com.br\/2019\/wp-content\/uploads\/2021\/07\/van3-1024x575.jpg 1024w, https:\/\/jorgezanoni.com.br\/2019\/wp-content\/uploads\/2021\/07\/van3-768x431.jpg 768w, https:\/\/jorgezanoni.com.br\/2019\/wp-content\/uploads\/2021\/07\/van3-696x391.jpg 696w, https:\/\/jorgezanoni.com.br\/2019\/wp-content\/uploads\/2021\/07\/van3-1068x600.jpg 1068w, https:\/\/jorgezanoni.com.br\/2019\/wp-content\/uploads\/2021\/07\/van3-748x420.jpg 748w\" sizes=\"auto, (max-width: 1280px) 100vw, 1280px\" \/><\/p>\n<p style=\"text-align: justify;\">(aguarde mais informa\u00e7\u00f5es)<\/p>\n<p style=\"text-align: justify;\">Jorge Zanoni<\/p>\n<p style=\"text-align: justify;\">Fonte e Fotos : Mil Not\u00edcias\/Manoel Messias.<\/p>\n<p>&nbsp;<\/p>\n<p>&nbsp;<\/p>\n","protected":false},"excerpt":{"rendered":"<p>No in\u00edcio da noite deste domingo (11) foi registrado um grave acidente na Rodovia General Euclides de Oliveira Figueiredo, SP-563, (Rodovia da Integra\u00e7\u00e3o), no local conhecido como Trevo do Motel Aeroporto de Andradina. Segundo informa\u00e7\u00f5es obtidas pelo Site JZ, colidiram um Caminh\u00e3o de Andradina e uma Van de Paulic\u00e9ia. O motorista do Caminh\u00e3o sofreu ferimentos, [&hellip;]<\/p>\n","protected":false},"author":1,"featured_media":50627,"comment_status":"closed","ping_status":"open","sticky":false,"template":"","format":"standard","meta":{"footnotes":""},"categories":[170,110],"tags":[],"class_list":["post-50626","post","type-post","status-publish","format-standard","has-post-thumbnail","hentry","category-acidentes","category-noticiasdestaque"],"_links":{"self":[{"href":"https:\/\/jorgezanoni.com.br\/2019\/wp-json\/wp\/v2\/posts\/50626","targetHints":{"allow":["GET"]}}],"collection":[{"href":"https:\/\/jorgezanoni.com.br\/2019\/wp-json\/wp\/v2\/posts"}],"about":[{"href":"https:\/\/jorgezanoni.com.br\/2019\/wp-json\/wp\/v2\/types\/post"}],"author":[{"embeddable":true,"href":"https:\/\/jorgezanoni.com.br\/2019\/wp-json\/wp\/v2\/users\/1"}],"replies":[{"embeddable":true,"href":"https:\/\/jorgezanoni.com.br\/2019\/wp-json\/wp\/v2\/comments?post=50626"}],"version-history":[{"count":0,"href":"https:\/\/jorgezanoni.com.br\/2019\/wp-json\/wp\/v2\/posts\/50626\/revisions"}],"wp:featuredmedia":[{"embeddable":true,"href":"https:\/\/jorgezanoni.com.br\/2019\/wp-json\/wp\/v2\/media\/50627"}],"wp:attachment":[{"href":"https:\/\/jorgezanoni.com.br\/2019\/wp-json\/wp\/v2\/media?parent=50626"}],"wp:term":[{"taxonomy":"category","embeddable":true,"href":"https:\/\/jorgezanoni.com.br\/2019\/wp-json\/wp\/v2\/categories?post=50626"},{"taxonomy":"post_tag","embeddable":true,"href":"https:\/\/jorgezanoni.com.br\/2019\/wp-json\/wp\/v2\/tags?post=50626"}],"curies":[{"name":"wp","href":"https:\/\/api.w.org\/{rel}","templated":true}]}}