{"id":50591,"date":"2021-07-10T18:19:33","date_gmt":"2021-07-10T18:19:33","guid":{"rendered":"https:\/\/jorgezanoni.com.br\/2019\/?p=50591"},"modified":"2021-07-10T18:19:33","modified_gmt":"2021-07-10T18:19:33","slug":"acidente-de-transito-com-caminhonete-mata-duas-pessoas-e-deixa-uma-gravemente-ferida-na-rodovia-da-integracao","status":"publish","type":"post","link":"https:\/\/jorgezanoni.com.br\/2019\/acidente-de-transito-com-caminhonete-mata-duas-pessoas-e-deixa-uma-gravemente-ferida-na-rodovia-da-integracao\/","title":{"rendered":"Acidente de tr\u00e2nsito com caminhonete mata duas pessoas e deixa uma gravemente ferida na Rodovia da Integra\u00e7\u00e3o"},"content":{"rendered":"<h2 class=\"content-head__subtitle\" style=\"text-align: justify;\"><strong>Pol\u00edcia Rodovi\u00e1ria informou que o motorista perdeu o controle da dire\u00e7\u00e3o do ve\u00edculo, saiu da pista e chocou-se contra o barranco \u00e0 sua direita, em Mirante do Paranapanema.<\/strong><\/h2>\n<div class=\"mc-column content-text active-extra-styles \" data-block-type=\"unstyled\" data-block-weight=\"34\" data-block-id=\"2\">\n<p class=\"content-text__container \" style=\"text-align: justify;\" data-track-category=\"Link no Texto\" data-track-links=\"\">Duas pessoas morreram v\u00edtimas de um acidente de tr\u00e2nsito na noite desta sexta-feira (9), no km 26,800 da Rodovia General Euclides de Oliveira Figueiredo, a Rodovia da Integra\u00e7\u00e3o (SP-563), em\u00a0<a href=\"https:\/\/g1.globo.com\/sp\/presidente-prudente-regiao\/cidade\/mirante-do-paranapanema\/\">Mirante do Paranapanema (SP)<\/a>.<\/p>\n<\/div>\n<div class=\"wall protected-content\">\n<div class=\"mc-column content-text active-extra-styles \" style=\"text-align: justify;\" data-block-type=\"unstyled\" data-block-weight=\"54\" data-block-id=\"3\">\n<p class=\"content-text__container \" data-track-category=\"Link no Texto\" data-track-links=\"\">De acordo com as informa\u00e7\u00f5es fornecidas pela Pol\u00edcia Militar Rodovi\u00e1ria, uma caminhonete transitava no sentido\u00a0<a href=\"https:\/\/g1.globo.com\/sp\/presidente-prudente-regiao\/cidade\/teodoro-sampaio-sp\/\">Teodoro Sampaio (SP)<\/a>\u2013<a href=\"https:\/\/g1.globo.com\/sp\/presidente-prudente-regiao\/cidade\/maraba-paulista\/\">Marab\u00e1 Paulista (SP)<\/a>, quando o motorista, por motivos a serem esclarecidos ainda, perdeu o controle da dire\u00e7\u00e3o do ve\u00edculo, saiu da pista e chocou-se contra o barranco \u00e0 sua direita, al\u00e9m do acostamento, por volta das 20h50.<\/p>\n<\/div>\n<div class=\"mc-column content-text active-extra-styles \" style=\"text-align: justify;\" data-block-type=\"unstyled\" data-block-weight=\"24\" data-block-id=\"4\">\n<p class=\"content-text__container \" data-track-category=\"Link no Texto\" data-track-links=\"\">Os policiais encontraram dentro da caminhonete um rev\u00f3lver de calibre 38 e 68 muni\u00e7\u00f5es. A arma estava registrada em propriedade do condutor do ve\u00edculo.<\/p>\n<\/div>\n<div class=\"mc-column content-text active-extra-styles \" data-block-type=\"unstyled\" data-block-weight=\"15\" data-block-id=\"5\">\n<p class=\"content-text__container \" style=\"text-align: justify;\" data-track-category=\"Link no Texto\" data-track-links=\"\">Al\u00e9m das duas v\u00edtimas fatais, uma outra pessoa ficou gravemente ferida em decorr\u00eancia do acidente.<\/p>\n<p data-track-category=\"Link no Texto\" data-track-links=\"\">Fonte: G1<\/p>\n<\/div>\n<\/div>\n","protected":false},"excerpt":{"rendered":"<p>Pol\u00edcia Rodovi\u00e1ria informou que o motorista perdeu o controle da dire\u00e7\u00e3o do ve\u00edculo, saiu da pista e chocou-se contra o barranco \u00e0 sua direita, em Mirante do Paranapanema. Duas pessoas morreram v\u00edtimas de um acidente de tr\u00e2nsito na noite desta sexta-feira (9), no km 26,800 da Rodovia General Euclides de Oliveira Figueiredo, a Rodovia da [&hellip;]<\/p>\n","protected":false},"author":1,"featured_media":50592,"comment_status":"closed","ping_status":"open","sticky":false,"template":"","format":"standard","meta":{"footnotes":""},"categories":[170,110],"tags":[],"class_list":["post-50591","post","type-post","status-publish","format-standard","has-post-thumbnail","hentry","category-acidentes","category-noticiasdestaque"],"_links":{"self":[{"href":"https:\/\/jorgezanoni.com.br\/2019\/wp-json\/wp\/v2\/posts\/50591","targetHints":{"allow":["GET"]}}],"collection":[{"href":"https:\/\/jorgezanoni.com.br\/2019\/wp-json\/wp\/v2\/posts"}],"about":[{"href":"https:\/\/jorgezanoni.com.br\/2019\/wp-json\/wp\/v2\/types\/post"}],"author":[{"embeddable":true,"href":"https:\/\/jorgezanoni.com.br\/2019\/wp-json\/wp\/v2\/users\/1"}],"replies":[{"embeddable":true,"href":"https:\/\/jorgezanoni.com.br\/2019\/wp-json\/wp\/v2\/comments?post=50591"}],"version-history":[{"count":0,"href":"https:\/\/jorgezanoni.com.br\/2019\/wp-json\/wp\/v2\/posts\/50591\/revisions"}],"wp:featuredmedia":[{"embeddable":true,"href":"https:\/\/jorgezanoni.com.br\/2019\/wp-json\/wp\/v2\/media\/50592"}],"wp:attachment":[{"href":"https:\/\/jorgezanoni.com.br\/2019\/wp-json\/wp\/v2\/media?parent=50591"}],"wp:term":[{"taxonomy":"category","embeddable":true,"href":"https:\/\/jorgezanoni.com.br\/2019\/wp-json\/wp\/v2\/categories?post=50591"},{"taxonomy":"post_tag","embeddable":true,"href":"https:\/\/jorgezanoni.com.br\/2019\/wp-json\/wp\/v2\/tags?post=50591"}],"curies":[{"name":"wp","href":"https:\/\/api.w.org\/{rel}","templated":true}]}}