{"id":50548,"date":"2021-07-09T21:58:53","date_gmt":"2021-07-09T21:58:53","guid":{"rendered":"https:\/\/jorgezanoni.com.br\/2019\/?p=50548"},"modified":"2021-07-09T21:58:53","modified_gmt":"2021-07-09T21:58:53","slug":"mulher-tira-a-propria-vida-em-estrada-rural-de-adamantina","status":"publish","type":"post","link":"https:\/\/jorgezanoni.com.br\/2019\/mulher-tira-a-propria-vida-em-estrada-rural-de-adamantina\/","title":{"rendered":"Mulher tira a pr\u00f3pria vida em estrada rural de Adamantina"},"content":{"rendered":"<p style=\"text-align: justify;\"><strong>Uma mulher de 55 anos que ainda n\u00e3o teve a identidade revelada tirou a pr\u00f3pria vida na tarde desta sexta-feira (9) em Adamantina.<\/strong><\/p>\n<p style=\"text-align: justify;\">A ocorr\u00eancia foi registrada na \u201cEstrada 14\u201d, na zona rural de Adamantina.<\/p>\n<p style=\"text-align: justify;\">Segundo as primeiras informa\u00e7\u00f5es obtidas pelo jornalismo do\u00a0<em><strong>Adamantina Net<\/strong><\/em>, a Pol\u00edcia Militar foi acionada e ao chegar ao local dos fatos, deparou-se com a v\u00edtima pendurada em uma \u00e1rvore com uma corda envolta ao pesco\u00e7o.<\/p>\n<p style=\"text-align: justify;\">Os militares conseguiram retirar a v\u00edtima e tentaram reanima-la, por\u00e9m, sem sucesso naquele local.<\/p>\n<p style=\"text-align: justify;\">O resgate do Corpo de Bombeiros foi acionado e conduziu a v\u00edtima para o Pronto Socorro, por\u00e9m, o \u00f3bito foi constatado ao dar entrada na unidade de sa\u00fade.<\/p>\n<p style=\"text-align: justify;\">Atuam nesta ocorr\u00eancia as pol\u00edcias Militar, Civil e Per\u00edcia Cient\u00edfica.<\/p>\n<p style=\"text-align: justify;\">Um inqu\u00e9rito dever\u00e1 ser aberto para apurar o que teria levado a mulher a tirar a pr\u00f3pria vida.<\/p>\n<p style=\"text-align: justify;\">Fonte: https:\/\/adamantinanet.com.br\/<\/p>\n","protected":false},"excerpt":{"rendered":"<p>Uma mulher de 55 anos que ainda n\u00e3o teve a identidade revelada tirou a pr\u00f3pria vida na tarde desta sexta-feira (9) em Adamantina. A ocorr\u00eancia foi registrada na \u201cEstrada 14\u201d, na zona rural de Adamantina. Segundo as primeiras informa\u00e7\u00f5es obtidas pelo jornalismo do\u00a0Adamantina Net, a Pol\u00edcia Militar foi acionada e ao chegar ao local dos [&hellip;]<\/p>\n","protected":false},"author":1,"featured_media":50549,"comment_status":"closed","ping_status":"open","sticky":false,"template":"","format":"standard","meta":{"footnotes":""},"categories":[110,2],"tags":[],"class_list":["post-50548","post","type-post","status-publish","format-standard","has-post-thumbnail","hentry","category-noticiasdestaque","category-policial"],"_links":{"self":[{"href":"https:\/\/jorgezanoni.com.br\/2019\/wp-json\/wp\/v2\/posts\/50548","targetHints":{"allow":["GET"]}}],"collection":[{"href":"https:\/\/jorgezanoni.com.br\/2019\/wp-json\/wp\/v2\/posts"}],"about":[{"href":"https:\/\/jorgezanoni.com.br\/2019\/wp-json\/wp\/v2\/types\/post"}],"author":[{"embeddable":true,"href":"https:\/\/jorgezanoni.com.br\/2019\/wp-json\/wp\/v2\/users\/1"}],"replies":[{"embeddable":true,"href":"https:\/\/jorgezanoni.com.br\/2019\/wp-json\/wp\/v2\/comments?post=50548"}],"version-history":[{"count":0,"href":"https:\/\/jorgezanoni.com.br\/2019\/wp-json\/wp\/v2\/posts\/50548\/revisions"}],"wp:featuredmedia":[{"embeddable":true,"href":"https:\/\/jorgezanoni.com.br\/2019\/wp-json\/wp\/v2\/media\/50549"}],"wp:attachment":[{"href":"https:\/\/jorgezanoni.com.br\/2019\/wp-json\/wp\/v2\/media?parent=50548"}],"wp:term":[{"taxonomy":"category","embeddable":true,"href":"https:\/\/jorgezanoni.com.br\/2019\/wp-json\/wp\/v2\/categories?post=50548"},{"taxonomy":"post_tag","embeddable":true,"href":"https:\/\/jorgezanoni.com.br\/2019\/wp-json\/wp\/v2\/tags?post=50548"}],"curies":[{"name":"wp","href":"https:\/\/api.w.org\/{rel}","templated":true}]}}