{"id":50529,"date":"2021-07-09T15:37:26","date_gmt":"2021-07-09T15:37:26","guid":{"rendered":"https:\/\/jorgezanoni.com.br\/2019\/?p=50529"},"modified":"2021-07-09T15:37:26","modified_gmt":"2021-07-09T15:37:26","slug":"9-de-julho-e-comemorado-o-dia-da-revolucao-constitucionalista","status":"publish","type":"post","link":"https:\/\/jorgezanoni.com.br\/2019\/9-de-julho-e-comemorado-o-dia-da-revolucao-constitucionalista\/","title":{"rendered":"9 de Julho \u00e9 comemorado o &#8220;Dia da Revolu\u00e7\u00e3o Constitucionalista&#8221;"},"content":{"rendered":"<p style=\"text-align: justify;\"><strong>O\u00a0Dia da Revolu\u00e7\u00e3o Constitucionalista\u00a0\u00e9 comemorado anualmente em\u00a09 de julho\u00a0e considerado\u00a0feriado estadual em S\u00e3o Paulo.<\/strong><\/p>\n<p style=\"text-align: justify;\">Tamb\u00e9m conhecido por Dia da Revolu\u00e7\u00e3o e do Soldado Constitucionalista, esta data \u00e9 uma homenagem ao movimento contra ditadura de Get\u00falio Vargas, realizado em 1932 pelos paulistas.<\/p>\n<p style=\"text-align: justify;\">Vargas toma o poder com a Revolu\u00e7\u00e3o de 1930, apoiado pelos paulistas, e outros estados. No entanto, o tempo passava e o novo dirigente n\u00e3o convocava elei\u00e7\u00f5es para a nova Assembleia Constituinte. Sentindo-se tra\u00eddos, representantes do Ex\u00e9rcito, estacionados em S\u00e3o Paulo, e pol\u00edticos paulistas, resolveram se rebelar.<\/p>\n<p style=\"text-align: justify;\">Veja abaixo exemplos de cartazes utilizados para convocar os jovens a lutarem.<\/p>\n<p style=\"text-align: justify;\"><img loading=\"lazy\" decoding=\"async\" src=\"https:\/\/s.calendarr.com\/upload\/datas\/re\/vo\/revolucao-constitucionalista-de-1932.jpg\" alt=\"revolucao constitucionalista\" width=\"655\" height=\"436\" \/><\/p>\n<p style=\"text-align: justify;\">A Revolu\u00e7\u00e3o Constitucionalista, epis\u00f3dio que tamb\u00e9m foi chamado de &#8220;Guerra Paulista&#8221;, foi o mais importante movimento ocorrido em S\u00e3o Paulo e o \u00faltimo grande combate armado do Brasil.<\/p>\n<h2 style=\"text-align: justify;\">Origem do Dia da Revolu\u00e7\u00e3o Constitucionalista<\/h2>\n<p style=\"text-align: justify;\">Em 1997, o governador do estado de S\u00e3o Paulo, M\u00e1rio Covas, oficializou o dia 9 de julho como\u00a0<strong>feriado civil<\/strong>\u00a0na regi\u00e3o, uma homenagem ao soldado constitucionalista que lutou pela queda da ditadura de Vargas.<\/p>\n<p style=\"text-align: justify;\">O Dia da Revolu\u00e7\u00e3o e do Soldado Constitucionalista foi transformado em feriado civil, data magna do estado de S\u00e3o Paulo, atrav\u00e9s da Lei n\u00ba 9.497, de 5 de mar\u00e7o de 1997, a partir de um projeto de lei apresentado pelo<strong>\u00a0<\/strong>deputado Guilherme Gianetti.<\/p>\n<h2 style=\"text-align: justify;\">Hist\u00f3ria da Revolu\u00e7\u00e3o de 32<\/h2>\n<p style=\"text-align: justify;\">Com a tomada de governo, Get\u00falio Vargas governava sem a C\u00e2mara de Deputados ou outro \u00f3rg\u00e3o de origem democr\u00e1tica. Isso preocupava seus aliados que exigiam a convoca\u00e7\u00e3o de elei\u00e7\u00f5es para presidente e para deputados.<\/p>\n<p style=\"text-align: justify;\">O grande estopim que inflamou o sentimento de revolta da popula\u00e7\u00e3o de S\u00e3o Paulo foi o\u00a0<strong>assassinato de quatro estudantes\u00a0<\/strong>paulistas por policiais, em um conflito no dia 23 de maio, data que tamb\u00e9m entrou para a hist\u00f3ria do estado.<\/p>\n<p style=\"text-align: justify;\">As iniciais dos nomes dos jovens &#8211;\u00a0<strong>M.M.D.C. &#8211; Martins, Miragaia, Dr\u00e1usio e Camargo<\/strong>\u00a0&#8211; tornaram-se o s\u00edmbolo da revolu\u00e7\u00e3o e batizou o movimento.<\/p>\n<p style=\"text-align: justify;\">A exig\u00eancia por uma nova Constitui\u00e7\u00e3o era prioridade para a sociedade burguesa de S\u00e3o Paulo, que iniciou a revolu\u00e7\u00e3o oficialmente no dia 9 de julho de 1932, combatendo contra o governo nacional durante tr\u00eas meses. O combate chegou ao fim em 2 de outubro de 1932, com a rendi\u00e7\u00e3o dos paulistas.<\/p>\n<p style=\"text-align: justify;\">Tamb\u00e9m em homenagem aos jovens estudantes que foram assassinados em defesa do movimento constitucionalista, o dia\u00a0<strong>23 de maio<\/strong>\u00a0\u00e9 reconhecido como o\u00a0<strong>Dia da Juventude Constitucionalista<\/strong>.<\/p>\n<p style=\"text-align: justify;\">Na capital paulista, o obelisco do Ibirapuera \u00e9 um marco constru\u00eddo para simbolizar a dor da perda da vida dos estudantes.<\/p>\n<p style=\"text-align: justify;\">Fonte: https:\/\/www.calendarr.com\/brasil\/dia-da-revolucao-e-do-soldado-constitucionalista\/<\/p>\n<p>Imagem Ilustrativa<\/p>\n","protected":false},"excerpt":{"rendered":"<p>O\u00a0Dia da Revolu\u00e7\u00e3o Constitucionalista\u00a0\u00e9 comemorado anualmente em\u00a09 de julho\u00a0e considerado\u00a0feriado estadual em S\u00e3o Paulo. Tamb\u00e9m conhecido por Dia da Revolu\u00e7\u00e3o e do Soldado Constitucionalista, esta data \u00e9 uma homenagem ao movimento contra ditadura de Get\u00falio Vargas, realizado em 1932 pelos paulistas. Vargas toma o poder com a Revolu\u00e7\u00e3o de 1930, apoiado pelos paulistas, e outros [&hellip;]<\/p>\n","protected":false},"author":1,"featured_media":50530,"comment_status":"closed","ping_status":"open","sticky":false,"template":"","format":"standard","meta":{"footnotes":""},"categories":[114,110],"tags":[],"class_list":["post-50529","post","type-post","status-publish","format-standard","has-post-thumbnail","hentry","category-geralecomercio","category-noticiasdestaque"],"_links":{"self":[{"href":"https:\/\/jorgezanoni.com.br\/2019\/wp-json\/wp\/v2\/posts\/50529","targetHints":{"allow":["GET"]}}],"collection":[{"href":"https:\/\/jorgezanoni.com.br\/2019\/wp-json\/wp\/v2\/posts"}],"about":[{"href":"https:\/\/jorgezanoni.com.br\/2019\/wp-json\/wp\/v2\/types\/post"}],"author":[{"embeddable":true,"href":"https:\/\/jorgezanoni.com.br\/2019\/wp-json\/wp\/v2\/users\/1"}],"replies":[{"embeddable":true,"href":"https:\/\/jorgezanoni.com.br\/2019\/wp-json\/wp\/v2\/comments?post=50529"}],"version-history":[{"count":0,"href":"https:\/\/jorgezanoni.com.br\/2019\/wp-json\/wp\/v2\/posts\/50529\/revisions"}],"wp:featuredmedia":[{"embeddable":true,"href":"https:\/\/jorgezanoni.com.br\/2019\/wp-json\/wp\/v2\/media\/50530"}],"wp:attachment":[{"href":"https:\/\/jorgezanoni.com.br\/2019\/wp-json\/wp\/v2\/media?parent=50529"}],"wp:term":[{"taxonomy":"category","embeddable":true,"href":"https:\/\/jorgezanoni.com.br\/2019\/wp-json\/wp\/v2\/categories?post=50529"},{"taxonomy":"post_tag","embeddable":true,"href":"https:\/\/jorgezanoni.com.br\/2019\/wp-json\/wp\/v2\/tags?post=50529"}],"curies":[{"name":"wp","href":"https:\/\/api.w.org\/{rel}","templated":true}]}}