{"id":50520,"date":"2021-07-09T15:01:33","date_gmt":"2021-07-09T15:01:33","guid":{"rendered":"https:\/\/jorgezanoni.com.br\/2019\/?p=50520"},"modified":"2021-07-09T20:03:22","modified_gmt":"2021-07-09T20:03:22","slug":"aniversariantes-do-dia-09-07-21","status":"publish","type":"post","link":"https:\/\/jorgezanoni.com.br\/2019\/aniversariantes-do-dia-09-07-21\/","title":{"rendered":"Aniversariantes do Dia 09\/07\/21"},"content":{"rendered":"<p>PARABENIZAMOS OS ANIVERSARIANTES DE HOJE:<\/p>\n<p><img loading=\"lazy\" decoding=\"async\" class=\"alignnone size-full wp-image-50521\" src=\"https:\/\/jorgezanoni.com.br\/2019\/wp-content\/uploads\/2021\/07\/Alescio-Montrezol-2.jpg\" alt=\"\" width=\"1842\" height=\"1778\" srcset=\"https:\/\/jorgezanoni.com.br\/2019\/wp-content\/uploads\/2021\/07\/Alescio-Montrezol-2.jpg 1842w, https:\/\/jorgezanoni.com.br\/2019\/wp-content\/uploads\/2021\/07\/Alescio-Montrezol-2-300x290.jpg 300w, https:\/\/jorgezanoni.com.br\/2019\/wp-content\/uploads\/2021\/07\/Alescio-Montrezol-2-1024x988.jpg 1024w, https:\/\/jorgezanoni.com.br\/2019\/wp-content\/uploads\/2021\/07\/Alescio-Montrezol-2-768x741.jpg 768w, https:\/\/jorgezanoni.com.br\/2019\/wp-content\/uploads\/2021\/07\/Alescio-Montrezol-2-1536x1483.jpg 1536w, https:\/\/jorgezanoni.com.br\/2019\/wp-content\/uploads\/2021\/07\/Alescio-Montrezol-2-696x672.jpg 696w, https:\/\/jorgezanoni.com.br\/2019\/wp-content\/uploads\/2021\/07\/Alescio-Montrezol-2-1068x1031.jpg 1068w, https:\/\/jorgezanoni.com.br\/2019\/wp-content\/uploads\/2021\/07\/Alescio-Montrezol-2-435x420.jpg 435w\" sizes=\"auto, (max-width: 1842px) 100vw, 1842px\" \/>Al\u00e9scio Montrezol<\/p>\n<p><img loading=\"lazy\" decoding=\"async\" class=\"alignnone size-full wp-image-50539\" src=\"https:\/\/jorgezanoni.com.br\/2019\/wp-content\/uploads\/2021\/07\/carla.jpg\" alt=\"\" width=\"640\" height=\"640\" srcset=\"https:\/\/jorgezanoni.com.br\/2019\/wp-content\/uploads\/2021\/07\/carla.jpg 640w, https:\/\/jorgezanoni.com.br\/2019\/wp-content\/uploads\/2021\/07\/carla-300x300.jpg 300w, https:\/\/jorgezanoni.com.br\/2019\/wp-content\/uploads\/2021\/07\/carla-150x150.jpg 150w, https:\/\/jorgezanoni.com.br\/2019\/wp-content\/uploads\/2021\/07\/carla-420x420.jpg 420w\" sizes=\"auto, (max-width: 640px) 100vw, 640px\" \/>Carla Patr\u00edcia Rios Pessoa<\/p>\n<p><img loading=\"lazy\" decoding=\"async\" class=\"alignnone size-full wp-image-50522\" src=\"https:\/\/jorgezanoni.com.br\/2019\/wp-content\/uploads\/2021\/07\/Marcia-Ribeiro-2.jpg\" alt=\"\" width=\"684\" height=\"799\" srcset=\"https:\/\/jorgezanoni.com.br\/2019\/wp-content\/uploads\/2021\/07\/Marcia-Ribeiro-2.jpg 684w, https:\/\/jorgezanoni.com.br\/2019\/wp-content\/uploads\/2021\/07\/Marcia-Ribeiro-2-257x300.jpg 257w, https:\/\/jorgezanoni.com.br\/2019\/wp-content\/uploads\/2021\/07\/Marcia-Ribeiro-2-360x420.jpg 360w\" sizes=\"auto, (max-width: 684px) 100vw, 684px\" \/>Marcia Ribeiro<\/p>\n<p><img loading=\"lazy\" decoding=\"async\" class=\"alignnone size-full wp-image-50523\" src=\"https:\/\/jorgezanoni.com.br\/2019\/wp-content\/uploads\/2021\/07\/Pedro-Henrique-Ferraz-de-Sa-2-aninhos-09-07-2.jpg\" alt=\"\" width=\"840\" height=\"529\" srcset=\"https:\/\/jorgezanoni.com.br\/2019\/wp-content\/uploads\/2021\/07\/Pedro-Henrique-Ferraz-de-Sa-2-aninhos-09-07-2.jpg 840w, https:\/\/jorgezanoni.com.br\/2019\/wp-content\/uploads\/2021\/07\/Pedro-Henrique-Ferraz-de-Sa-2-aninhos-09-07-2-300x189.jpg 300w, https:\/\/jorgezanoni.com.br\/2019\/wp-content\/uploads\/2021\/07\/Pedro-Henrique-Ferraz-de-Sa-2-aninhos-09-07-2-768x484.jpg 768w, https:\/\/jorgezanoni.com.br\/2019\/wp-content\/uploads\/2021\/07\/Pedro-Henrique-Ferraz-de-Sa-2-aninhos-09-07-2-696x438.jpg 696w, https:\/\/jorgezanoni.com.br\/2019\/wp-content\/uploads\/2021\/07\/Pedro-Henrique-Ferraz-de-Sa-2-aninhos-09-07-2-667x420.jpg 667w\" sizes=\"auto, (max-width: 840px) 100vw, 840px\" \/>Pedro Henrique Ferraz de S\u00e1 (2 aninhos)<\/p>\n<p><img loading=\"lazy\" decoding=\"async\" class=\"alignnone size-full wp-image-50545\" src=\"https:\/\/jorgezanoni.com.br\/2019\/wp-content\/uploads\/2021\/07\/Pricila-Alves-Vasconcellos.jpg\" alt=\"\" width=\"720\" height=\"965\" srcset=\"https:\/\/jorgezanoni.com.br\/2019\/wp-content\/uploads\/2021\/07\/Pricila-Alves-Vasconcellos.jpg 720w, https:\/\/jorgezanoni.com.br\/2019\/wp-content\/uploads\/2021\/07\/Pricila-Alves-Vasconcellos-224x300.jpg 224w, https:\/\/jorgezanoni.com.br\/2019\/wp-content\/uploads\/2021\/07\/Pricila-Alves-Vasconcellos-696x933.jpg 696w, https:\/\/jorgezanoni.com.br\/2019\/wp-content\/uploads\/2021\/07\/Pricila-Alves-Vasconcellos-313x420.jpg 313w\" sizes=\"auto, (max-width: 720px) 100vw, 720px\" \/>Pricila Alves Vasconcellos<\/p>\n<p><img loading=\"lazy\" decoding=\"async\" class=\"alignnone size-full wp-image-50524\" src=\"https:\/\/jorgezanoni.com.br\/2019\/wp-content\/uploads\/2021\/07\/Renata-Chineze1.jpg\" alt=\"\" width=\"640\" height=\"960\" srcset=\"https:\/\/jorgezanoni.com.br\/2019\/wp-content\/uploads\/2021\/07\/Renata-Chineze1.jpg 640w, https:\/\/jorgezanoni.com.br\/2019\/wp-content\/uploads\/2021\/07\/Renata-Chineze1-200x300.jpg 200w, https:\/\/jorgezanoni.com.br\/2019\/wp-content\/uploads\/2021\/07\/Renata-Chineze1-280x420.jpg 280w\" sizes=\"auto, (max-width: 640px) 100vw, 640px\" \/>Renata Chineze<\/p>\n<p><img loading=\"lazy\" decoding=\"async\" class=\"alignnone size-full wp-image-50525\" src=\"https:\/\/jorgezanoni.com.br\/2019\/wp-content\/uploads\/2021\/07\/Rev.-Rogerio-Vieira-de-Carvalho-2.jpg\" alt=\"\" width=\"732\" height=\"649\" srcset=\"https:\/\/jorgezanoni.com.br\/2019\/wp-content\/uploads\/2021\/07\/Rev.-Rogerio-Vieira-de-Carvalho-2.jpg 732w, https:\/\/jorgezanoni.com.br\/2019\/wp-content\/uploads\/2021\/07\/Rev.-Rogerio-Vieira-de-Carvalho-2-300x266.jpg 300w, https:\/\/jorgezanoni.com.br\/2019\/wp-content\/uploads\/2021\/07\/Rev.-Rogerio-Vieira-de-Carvalho-2-696x617.jpg 696w, https:\/\/jorgezanoni.com.br\/2019\/wp-content\/uploads\/2021\/07\/Rev.-Rogerio-Vieira-de-Carvalho-2-474x420.jpg 474w\" sizes=\"auto, (max-width: 732px) 100vw, 732px\" \/>Rev. Rog\u00e9rio Vieira de Carvalho<\/p>\n<p><img loading=\"lazy\" decoding=\"async\" class=\"alignnone size-full wp-image-50526\" src=\"https:\/\/jorgezanoni.com.br\/2019\/wp-content\/uploads\/2021\/07\/Rosa-Jesus-2.jpg\" alt=\"\" width=\"905\" height=\"792\" srcset=\"https:\/\/jorgezanoni.com.br\/2019\/wp-content\/uploads\/2021\/07\/Rosa-Jesus-2.jpg 905w, https:\/\/jorgezanoni.com.br\/2019\/wp-content\/uploads\/2021\/07\/Rosa-Jesus-2-300x263.jpg 300w, https:\/\/jorgezanoni.com.br\/2019\/wp-content\/uploads\/2021\/07\/Rosa-Jesus-2-768x672.jpg 768w, https:\/\/jorgezanoni.com.br\/2019\/wp-content\/uploads\/2021\/07\/Rosa-Jesus-2-696x609.jpg 696w, https:\/\/jorgezanoni.com.br\/2019\/wp-content\/uploads\/2021\/07\/Rosa-Jesus-2-480x420.jpg 480w\" sizes=\"auto, (max-width: 905px) 100vw, 905px\" \/>Rosa Jesus<\/p>\n<p><img loading=\"lazy\" decoding=\"async\" class=\"alignnone size-full wp-image-50527\" src=\"https:\/\/jorgezanoni.com.br\/2019\/wp-content\/uploads\/2021\/07\/Silvia-Cristina-Cardoso.jpg\" alt=\"\" width=\"526\" height=\"705\" srcset=\"https:\/\/jorgezanoni.com.br\/2019\/wp-content\/uploads\/2021\/07\/Silvia-Cristina-Cardoso.jpg 526w, https:\/\/jorgezanoni.com.br\/2019\/wp-content\/uploads\/2021\/07\/Silvia-Cristina-Cardoso-224x300.jpg 224w, https:\/\/jorgezanoni.com.br\/2019\/wp-content\/uploads\/2021\/07\/Silvia-Cristina-Cardoso-313x420.jpg 313w\" sizes=\"auto, (max-width: 526px) 100vw, 526px\" \/>Silvia Cristina Cardoso<\/p>\n","protected":false},"excerpt":{"rendered":"<p>PARABENIZAMOS OS ANIVERSARIANTES DE HOJE: Al\u00e9scio Montrezol Carla Patr\u00edcia Rios Pessoa Marcia Ribeiro Pedro Henrique Ferraz de S\u00e1 (2 aninhos) Pricila Alves Vasconcellos Renata Chineze Rev. Rog\u00e9rio Vieira de Carvalho Rosa Jesus Silvia Cristina Cardoso<\/p>\n","protected":false},"author":1,"featured_media":50522,"comment_status":"closed","ping_status":"open","sticky":false,"template":"","format":"standard","meta":{"footnotes":""},"categories":[174],"tags":[],"class_list":["post-50520","post","type-post","status-publish","format-standard","has-post-thumbnail","hentry","category-aniversariantes"],"_links":{"self":[{"href":"https:\/\/jorgezanoni.com.br\/2019\/wp-json\/wp\/v2\/posts\/50520","targetHints":{"allow":["GET"]}}],"collection":[{"href":"https:\/\/jorgezanoni.com.br\/2019\/wp-json\/wp\/v2\/posts"}],"about":[{"href":"https:\/\/jorgezanoni.com.br\/2019\/wp-json\/wp\/v2\/types\/post"}],"author":[{"embeddable":true,"href":"https:\/\/jorgezanoni.com.br\/2019\/wp-json\/wp\/v2\/users\/1"}],"replies":[{"embeddable":true,"href":"https:\/\/jorgezanoni.com.br\/2019\/wp-json\/wp\/v2\/comments?post=50520"}],"version-history":[{"count":0,"href":"https:\/\/jorgezanoni.com.br\/2019\/wp-json\/wp\/v2\/posts\/50520\/revisions"}],"wp:featuredmedia":[{"embeddable":true,"href":"https:\/\/jorgezanoni.com.br\/2019\/wp-json\/wp\/v2\/media\/50522"}],"wp:attachment":[{"href":"https:\/\/jorgezanoni.com.br\/2019\/wp-json\/wp\/v2\/media?parent=50520"}],"wp:term":[{"taxonomy":"category","embeddable":true,"href":"https:\/\/jorgezanoni.com.br\/2019\/wp-json\/wp\/v2\/categories?post=50520"},{"taxonomy":"post_tag","embeddable":true,"href":"https:\/\/jorgezanoni.com.br\/2019\/wp-json\/wp\/v2\/tags?post=50520"}],"curies":[{"name":"wp","href":"https:\/\/api.w.org\/{rel}","templated":true}]}}